{"id":7745,"date":"2021-06-17T10:17:00","date_gmt":"2021-06-17T09:17:00","guid":{"rendered":"https:\/\/see-the-big-picture.com\/?p=7745"},"modified":"2022-07-21T12:33:37","modified_gmt":"2022-07-21T11:33:37","slug":"ausstellung-in-trofaiach-2019","status":"publish","type":"post","link":"https:\/\/see-the-big-picture.com\/de\/ausstellung-in-trofaiach-2019\/","title":{"rendered":"Ausstellung in Trofaiach (2019)"},"content":{"rendered":"\t\t<div data-elementor-type=\"wp-post\" data-elementor-id=\"7745\" class=\"elementor elementor-7745 elementor-6988\">\n\t\t\t\t\t\t<section class=\"elementor-section elementor-top-section elementor-element elementor-element-30b5768a elementor-section-content-middle elementor-section-boxed elementor-section-height-default elementor-section-height-default\" data-id=\"30b5768a\" data-element_type=\"section\" data-e-type=\"section\">\n\t\t\t\t\t\t<div class=\"elementor-container elementor-column-gap-no\">\n\t\t\t\t\t<div class=\"elementor-column elementor-col-50 elementor-top-column elementor-element elementor-element-c173447\" data-id=\"c173447\" data-element_type=\"column\" data-e-type=\"column\">\n\t\t\t<div class=\"elementor-widget-wrap elementor-element-populated\">\n\t\t\t\t\t\t<div class=\"elementor-element elementor-element-52e09d0 elementor-arrows-position-inside elementor-pagination-position-outside elementor-widget elementor-widget-image-carousel\" data-id=\"52e09d0\" data-element_type=\"widget\" data-e-type=\"widget\" data-settings=\"{&quot;slides_to_show&quot;:&quot;1&quot;,&quot;slides_to_show_tablet&quot;:&quot;1&quot;,&quot;navigation&quot;:&quot;both&quot;,&quot;autoplay&quot;:&quot;yes&quot;,&quot;pause_on_hover&quot;:&quot;yes&quot;,&quot;pause_on_interaction&quot;:&quot;yes&quot;,&quot;autoplay_speed&quot;:5000,&quot;infinite&quot;:&quot;yes&quot;,&quot;effect&quot;:&quot;slide&quot;,&quot;speed&quot;:500}\" data-widget_type=\"image-carousel.default\">\n\t\t\t\t<div class=\"elementor-widget-container\">\n\t\t\t\t\t\t\t<div class=\"elementor-image-carousel-wrapper swiper\" role=\"region\" aria-roledescription=\"carousel\" aria-label=\"Bild Karussell\" dir=\"ltr\">\n\t\t\t<div class=\"elementor-image-carousel swiper-wrapper\" aria-live=\"off\">\n\t\t\t\t\t\t\t\t<div class=\"swiper-slide\" role=\"group\" aria-roledescription=\"slide\" aria-label=\"1 von 6\"><a data-elementor-open-lightbox=\"yes\" data-elementor-lightbox-slideshow=\"52e09d0\" data-elementor-lightbox-title=\"see_the_big_picture_exhibition_trofaiach_2019_2\" data-e-action-hash=\"#elementor-action%3Aaction%3Dlightbox%26settings%3DeyJpZCI6NzcyNywidXJsIjoiaHR0cHM6XC9cL3NlZS10aGUtYmlnLXBpY3R1cmUuY29tXC93cC1jb250ZW50XC91cGxvYWRzXC9zZWVfdGhlX2JpZ19waWN0dXJlX2V4aGliaXRpb25fdHJvZmFpYWNoXzIwMTlfMi5qcGciLCJzbGlkZXNob3ciOiI1MmUwOWQwIn0%3D\" href=\"https:\/\/see-the-big-picture.com\/wp-content\/uploads\/see_the_big_picture_exhibition_trofaiach_2019_2.jpg\"><figure class=\"swiper-slide-inner\"><img decoding=\"async\" class=\"swiper-slide-image\" src=\"https:\/\/see-the-big-picture.com\/wp-content\/uploads\/see_the_big_picture_exhibition_trofaiach_2019_2.jpg\" alt=\"see_the_big_picture_exhibition_trofaiach_2019_2\" \/><\/figure><\/a><\/div><div class=\"swiper-slide\" role=\"group\" aria-roledescription=\"slide\" aria-label=\"2 von 6\"><a data-elementor-open-lightbox=\"yes\" data-elementor-lightbox-slideshow=\"52e09d0\" data-elementor-lightbox-title=\"see_the_big_picture_exhibition_trofaiach_2019_3\" data-e-action-hash=\"#elementor-action%3Aaction%3Dlightbox%26settings%3DeyJpZCI6NzcyOSwidXJsIjoiaHR0cHM6XC9cL3NlZS10aGUtYmlnLXBpY3R1cmUuY29tXC93cC1jb250ZW50XC91cGxvYWRzXC9zZWVfdGhlX2JpZ19waWN0dXJlX2V4aGliaXRpb25fdHJvZmFpYWNoXzIwMTlfMy5qcGciLCJzbGlkZXNob3ciOiI1MmUwOWQwIn0%3D\" href=\"https:\/\/see-the-big-picture.com\/wp-content\/uploads\/see_the_big_picture_exhibition_trofaiach_2019_3.jpg\"><figure class=\"swiper-slide-inner\"><img decoding=\"async\" class=\"swiper-slide-image\" src=\"https:\/\/see-the-big-picture.com\/wp-content\/uploads\/see_the_big_picture_exhibition_trofaiach_2019_3.jpg\" alt=\"see_the_big_picture_exhibition_trofaiach_2019_3\" \/><\/figure><\/a><\/div><div class=\"swiper-slide\" role=\"group\" aria-roledescription=\"slide\" aria-label=\"3 von 6\"><a data-elementor-open-lightbox=\"yes\" data-elementor-lightbox-slideshow=\"52e09d0\" data-elementor-lightbox-title=\"see_the_big_picture_exhibition_trofaiach_2019_6\" data-e-action-hash=\"#elementor-action%3Aaction%3Dlightbox%26settings%3DeyJpZCI6NzczNSwidXJsIjoiaHR0cHM6XC9cL3NlZS10aGUtYmlnLXBpY3R1cmUuY29tXC93cC1jb250ZW50XC91cGxvYWRzXC9zZWVfdGhlX2JpZ19waWN0dXJlX2V4aGliaXRpb25fdHJvZmFpYWNoXzIwMTlfNi5qcGciLCJzbGlkZXNob3ciOiI1MmUwOWQwIn0%3D\" href=\"https:\/\/see-the-big-picture.com\/wp-content\/uploads\/see_the_big_picture_exhibition_trofaiach_2019_6.jpg\"><figure class=\"swiper-slide-inner\"><img decoding=\"async\" class=\"swiper-slide-image\" src=\"https:\/\/see-the-big-picture.com\/wp-content\/uploads\/see_the_big_picture_exhibition_trofaiach_2019_6.jpg\" alt=\"see_the_big_picture_exhibition_trofaiach_2019_6\" \/><\/figure><\/a><\/div><div class=\"swiper-slide\" role=\"group\" aria-roledescription=\"slide\" aria-label=\"4 von 6\"><a data-elementor-open-lightbox=\"yes\" data-elementor-lightbox-slideshow=\"52e09d0\" data-elementor-lightbox-title=\"see_the_big_picture_exhibition_trofaiach_2019_7\" data-e-action-hash=\"#elementor-action%3Aaction%3Dlightbox%26settings%3DeyJpZCI6NzczNywidXJsIjoiaHR0cHM6XC9cL3NlZS10aGUtYmlnLXBpY3R1cmUuY29tXC93cC1jb250ZW50XC91cGxvYWRzXC9zZWVfdGhlX2JpZ19waWN0dXJlX2V4aGliaXRpb25fdHJvZmFpYWNoXzIwMTlfNy5qcGciLCJzbGlkZXNob3ciOiI1MmUwOWQwIn0%3D\" href=\"https:\/\/see-the-big-picture.com\/wp-content\/uploads\/see_the_big_picture_exhibition_trofaiach_2019_7.jpg\"><figure class=\"swiper-slide-inner\"><img decoding=\"async\" class=\"swiper-slide-image\" src=\"https:\/\/see-the-big-picture.com\/wp-content\/uploads\/see_the_big_picture_exhibition_trofaiach_2019_7.jpg\" alt=\"see_the_big_picture_exhibition_trofaiach_2019_7\" \/><\/figure><\/a><\/div><div class=\"swiper-slide\" role=\"group\" aria-roledescription=\"slide\" aria-label=\"5 von 6\"><a data-elementor-open-lightbox=\"yes\" data-elementor-lightbox-slideshow=\"52e09d0\" data-elementor-lightbox-title=\"see_the_big_picture_exhibition_trofaiach_2019_8\" data-e-action-hash=\"#elementor-action%3Aaction%3Dlightbox%26settings%3DeyJpZCI6NzczOSwidXJsIjoiaHR0cHM6XC9cL3NlZS10aGUtYmlnLXBpY3R1cmUuY29tXC93cC1jb250ZW50XC91cGxvYWRzXC9zZWVfdGhlX2JpZ19waWN0dXJlX2V4aGliaXRpb25fdHJvZmFpYWNoXzIwMTlfOC5qcGciLCJzbGlkZXNob3ciOiI1MmUwOWQwIn0%3D\" href=\"https:\/\/see-the-big-picture.com\/wp-content\/uploads\/see_the_big_picture_exhibition_trofaiach_2019_8.jpg\"><figure class=\"swiper-slide-inner\"><img decoding=\"async\" class=\"swiper-slide-image\" src=\"https:\/\/see-the-big-picture.com\/wp-content\/uploads\/see_the_big_picture_exhibition_trofaiach_2019_8.jpg\" alt=\"see_the_big_picture_exhibition_trofaiach_2019_8\" \/><\/figure><\/a><\/div><div class=\"swiper-slide\" role=\"group\" aria-roledescription=\"slide\" aria-label=\"6 von 6\"><a data-elementor-open-lightbox=\"yes\" data-elementor-lightbox-slideshow=\"52e09d0\" data-elementor-lightbox-title=\"see_the_big_picture_exhibition_trofaiach_2019_9\" data-e-action-hash=\"#elementor-action%3Aaction%3Dlightbox%26settings%3DeyJpZCI6Nzc0MSwidXJsIjoiaHR0cHM6XC9cL3NlZS10aGUtYmlnLXBpY3R1cmUuY29tXC93cC1jb250ZW50XC91cGxvYWRzXC9zZWVfdGhlX2JpZ19waWN0dXJlX2V4aGliaXRpb25fdHJvZmFpYWNoXzIwMTlfOS5qcGciLCJzbGlkZXNob3ciOiI1MmUwOWQwIn0%3D\" href=\"https:\/\/see-the-big-picture.com\/wp-content\/uploads\/see_the_big_picture_exhibition_trofaiach_2019_9.jpg\"><figure class=\"swiper-slide-inner\"><img decoding=\"async\" class=\"swiper-slide-image\" src=\"https:\/\/see-the-big-picture.com\/wp-content\/uploads\/see_the_big_picture_exhibition_trofaiach_2019_9.jpg\" alt=\"see_the_big_picture_exhibition_trofaiach_2019_9\" \/><\/figure><\/a><\/div>\t\t\t<\/div>\n\t\t\t\t\t\t\t\t\t\t\t\t<div class=\"elementor-swiper-button elementor-swiper-button-prev\" role=\"button\" tabindex=\"0\">\n\t\t\t\t\t\t<i aria-hidden=\"true\" class=\"eicon-chevron-left\"><\/i>\t\t\t\t\t<\/div>\n\t\t\t\t\t<div class=\"elementor-swiper-button elementor-swiper-button-next\" role=\"button\" tabindex=\"0\">\n\t\t\t\t\t\t<i aria-hidden=\"true\" class=\"eicon-chevron-right\"><\/i>\t\t\t\t\t<\/div>\n\t\t\t\t\n\t\t\t\t\t\t\t\t\t<div class=\"swiper-pagination\"><\/div>\n\t\t\t\t\t\t\t\t\t<\/div>\n\t\t\t\t\t\t<\/div>\n\t\t\t\t<\/div>\n\t\t\t\t\t<\/div>\n\t\t<\/div>\n\t\t\t\t<div class=\"elementor-column elementor-col-50 elementor-top-column elementor-element elementor-element-394ea024\" data-id=\"394ea024\" data-element_type=\"column\" data-e-type=\"column\">\n\t\t\t<div class=\"elementor-widget-wrap elementor-element-populated\">\n\t\t\t\t\t\t<div class=\"elementor-element elementor-element-eae59fe elementor-widget elementor-widget-heading\" data-id=\"eae59fe\" data-element_type=\"widget\" data-e-type=\"widget\" data-widget_type=\"heading.default\">\n\t\t\t\t<div class=\"elementor-widget-container\">\n\t\t\t\t\t<h6 class=\"elementor-heading-title elementor-size-default\">Ausstellung<\/h6>\t\t\t\t<\/div>\n\t\t\t\t<\/div>\n\t\t\t\t<div class=\"elementor-element elementor-element-372b7f3 elementor-widget elementor-widget-heading\" data-id=\"372b7f3\" data-element_type=\"widget\" data-e-type=\"widget\" data-widget_type=\"heading.default\">\n\t\t\t\t<div class=\"elementor-widget-container\">\n\t\t\t\t\t<h5 class=\"elementor-heading-title elementor-size-default\">Trofaiach (\u00d6sterreich) 2019<\/h5>\t\t\t\t<\/div>\n\t\t\t\t<\/div>\n\t\t\t\t<div class=\"elementor-element elementor-element-265632e elementor-widget elementor-widget-text-editor\" data-id=\"265632e\" data-element_type=\"widget\" data-e-type=\"widget\" data-widget_type=\"text-editor.default\">\n\t\t\t\t<div class=\"elementor-widget-container\">\n\t\t\t\t\t\t\t\t\t<p><em>Vernissage von See the Big Picture, Freitag, 29. November 2019.<\/em><\/p>\n<p><em>Ausstellung vom 30.11. bis zum 21.12.<\/em><\/p>\n<p>Der Verein Art Mine und das neu gegr\u00fcndete Kultur- und Begegnungszentrum Simon M\u00fchle haben gemeinsam eine lange leerstehende Getreidem\u00fchle in der \u00f6sterreichischen Stadt Trofaiach wiederer\u00f6ffnet. Die zwei Organisationen haben sich zum Ziel gesetzt, das Geb\u00e4ude zu einem Ort der kulturellen und zwischenmenschlichen Begegnung f\u00fcr die Bev\u00f6lkerung zu machen. Art Mine wird ein Kulturprogramm pr\u00e4sentieren, das Lesungen, Konzerte und Ausstellungen von lokalen wie internationalen K\u00fcnstler*innen umfasst. Die offizielle Er\u00f6ffnung der M\u00fchle fand am 29. November 2019 statt. Begleitend zum Er\u00f6ffnungsprogramm, das auch von lokalen W\u00fcrdentr\u00e4ger*innen aus Politik und Kirche sowie Vertreter*innen der Wirtschaft besucht wurde, wurde \u201eSee the Big Picture\u201c (StBP) pr\u00e4sentiert. Das Projekt wurde begeistert aufgenommen und fast einen gesamten Monat ausgestellt. Der ORF strahlte einen viermin\u00fctigen Bericht aus und auch andere Medien bekundeten ihr Interesse an den Bildern aus aller Welt. Einige K\u00fcnstler*innen aus der Region, die Teil von StBP sind, waren ebenfalls anwesend.<\/p>\n\t\t\t\t\t\t\t\t<\/div>\n\t\t\t\t<\/div>\n\t\t\t\t\t<\/div>\n\t\t<\/div>\n\t\t\t\t\t<\/div>\n\t\t<\/section>\n\t\t\t\t<\/div>\n\t\t","protected":false},"excerpt":{"rendered":"<p>Previous Next Ausstellung Trofaiach (\u00d6sterreich) 2019 Vernissage von See the Big Picture, Freitag, 29. November 2019. Ausstellung vom 30.11. bis zum 21.12. Der Verein Art Mine und das neu gegr\u00fcndete Kultur- und Begegnungszentrum Simon M\u00fchle haben gemeinsam eine lange leerstehende Getreidem\u00fchle in der \u00f6sterreichischen Stadt Trofaiach wiederer\u00f6ffnet. Die zwei Organisationen haben sich zum Ziel gesetzt, [&hellip;]<\/p>\n","protected":false},"author":1,"featured_media":8741,"comment_status":"closed","ping_status":"closed","sticky":false,"template":"","format":"standard","meta":{"give_campaign_id":0,"_jetpack_memberships_contains_paid_content":false,"footnotes":""},"categories":[143],"tags":[],"class_list":["post-7745","post","type-post","status-publish","format-standard","has-post-thumbnail","hentry","category-ausstellungen"],"yoast_head":"<!-- This site is optimized with the Yoast SEO plugin v27.5 - https:\/\/yoast.com\/product\/yoast-seo-wordpress\/ -->\n<title>See the Big Picture - Ausstellung in Trofaiach (2019)<\/title>\n<meta name=\"description\" content=\"Die Kollektion der internationalen Kunstinitiative See the Big Picture ist in Trofaiach zu sehen. Hier sind einige Impressionen dieser Ausstellung.\" \/>\n<meta name=\"robots\" content=\"index, follow, max-snippet:-1, max-image-preview:large, max-video-preview:-1\" \/>\n<link rel=\"canonical\" href=\"https:\/\/see-the-big-picture.com\/de\/ausstellung-in-trofaiach-2019\/\" \/>\n<meta property=\"og:locale\" content=\"de_DE\" \/>\n<meta property=\"og:type\" content=\"article\" \/>\n<meta property=\"og:title\" content=\"See the Big Picture - Ausstellung in Trofaiach (2019)\" \/>\n<meta property=\"og:description\" content=\"Die Kollektion der internationalen Kunstinitiative See the Big Picture ist in Trofaiach zu sehen. Hier sind einige Impressionen dieser Ausstellung.\" \/>\n<meta property=\"og:url\" content=\"https:\/\/see-the-big-picture.com\/de\/ausstellung-in-trofaiach-2019\/\" \/>\n<meta property=\"og:site_name\" content=\"See the Big Picture\" \/>\n<meta property=\"article:publisher\" content=\"https:\/\/www.facebook.com\/jointhebigpicture\/\" \/>\n<meta property=\"article:published_time\" content=\"2021-06-17T09:17:00+00:00\" \/>\n<meta property=\"article:modified_time\" content=\"2022-07-21T11:33:37+00:00\" \/>\n<meta property=\"og:image\" content=\"https:\/\/see-the-big-picture.com\/wp-content\/uploads\/image-single-pages-Exhibitions.jpg\" \/>\n<meta name=\"author\" content=\"seethebigpicture\" \/>\n<meta name=\"twitter:card\" content=\"summary_large_image\" \/>\n<meta name=\"twitter:title\" content=\"See the Big Picture - Ausstellung in Trofaiach (2019)\" \/>\n<meta name=\"twitter:description\" content=\"Die Kollektion der internationalen Kunstinitiative See the Big Picture ist in Trofaiach zu sehen. Hier sind einige Impressionen dieser Ausstellung.\" \/>\n<meta name=\"twitter:image\" content=\"https:\/\/see-the-big-picture.com\/wp-content\/uploads\/image-single-pages-Exhibitions.jpg\" \/>\n<meta name=\"twitter:creator\" content=\"@jointhepicture\" \/>\n<meta name=\"twitter:site\" content=\"@jointhepicture\" \/>\n<meta name=\"twitter:label1\" content=\"Verfasst von\" \/>\n\t<meta name=\"twitter:data1\" content=\"seethebigpicture\" \/>\n\t<meta name=\"twitter:label2\" content=\"Gesch\u00e4tzte Lesezeit\" \/>\n\t<meta name=\"twitter:data2\" content=\"3\u00a0Minuten\" \/>\n<script type=\"application\/ld+json\" class=\"yoast-schema-graph\">{\"@context\":\"https:\\\/\\\/schema.org\",\"@graph\":[{\"@type\":\"Article\",\"@id\":\"https:\\\/\\\/see-the-big-picture.com\\\/de\\\/ausstellung-in-trofaiach-2019\\\/#article\",\"isPartOf\":{\"@id\":\"https:\\\/\\\/see-the-big-picture.com\\\/de\\\/ausstellung-in-trofaiach-2019\\\/\"},\"author\":{\"name\":\"seethebigpicture\",\"@id\":\"https:\\\/\\\/see-the-big-picture.com\\\/de\\\/#\\\/schema\\\/person\\\/01d753152238afe1fb86aaae2d7b03d0\"},\"headline\":\"Ausstellung in Trofaiach (2019)\",\"datePublished\":\"2021-06-17T09:17:00+00:00\",\"dateModified\":\"2022-07-21T11:33:37+00:00\",\"mainEntityOfPage\":{\"@id\":\"https:\\\/\\\/see-the-big-picture.com\\\/de\\\/ausstellung-in-trofaiach-2019\\\/\"},\"wordCount\":184,\"publisher\":{\"@id\":\"https:\\\/\\\/see-the-big-picture.com\\\/de\\\/#organization\"},\"image\":{\"@id\":\"https:\\\/\\\/see-the-big-picture.com\\\/de\\\/ausstellung-in-trofaiach-2019\\\/#primaryimage\"},\"thumbnailUrl\":\"https:\\\/\\\/see-the-big-picture.com\\\/wp-content\\\/uploads\\\/see_the_big_picture_exhibition_trofaiach_2019_featured_image.jpg\",\"articleSection\":[\"Ausstellungen\"],\"inLanguage\":\"de\"},{\"@type\":\"WebPage\",\"@id\":\"https:\\\/\\\/see-the-big-picture.com\\\/de\\\/ausstellung-in-trofaiach-2019\\\/\",\"url\":\"https:\\\/\\\/see-the-big-picture.com\\\/de\\\/ausstellung-in-trofaiach-2019\\\/\",\"name\":\"See the Big Picture - Ausstellung in Trofaiach (2019)\",\"isPartOf\":{\"@id\":\"https:\\\/\\\/see-the-big-picture.com\\\/de\\\/#website\"},\"primaryImageOfPage\":{\"@id\":\"https:\\\/\\\/see-the-big-picture.com\\\/de\\\/ausstellung-in-trofaiach-2019\\\/#primaryimage\"},\"image\":{\"@id\":\"https:\\\/\\\/see-the-big-picture.com\\\/de\\\/ausstellung-in-trofaiach-2019\\\/#primaryimage\"},\"thumbnailUrl\":\"https:\\\/\\\/see-the-big-picture.com\\\/wp-content\\\/uploads\\\/see_the_big_picture_exhibition_trofaiach_2019_featured_image.jpg\",\"datePublished\":\"2021-06-17T09:17:00+00:00\",\"dateModified\":\"2022-07-21T11:33:37+00:00\",\"description\":\"Die Kollektion der internationalen Kunstinitiative See the Big Picture ist in Trofaiach zu sehen. Hier sind einige Impressionen dieser Ausstellung.\",\"breadcrumb\":{\"@id\":\"https:\\\/\\\/see-the-big-picture.com\\\/de\\\/ausstellung-in-trofaiach-2019\\\/#breadcrumb\"},\"inLanguage\":\"de\",\"potentialAction\":[{\"@type\":\"ReadAction\",\"target\":[\"https:\\\/\\\/see-the-big-picture.com\\\/de\\\/ausstellung-in-trofaiach-2019\\\/\"]}]},{\"@type\":\"ImageObject\",\"inLanguage\":\"de\",\"@id\":\"https:\\\/\\\/see-the-big-picture.com\\\/de\\\/ausstellung-in-trofaiach-2019\\\/#primaryimage\",\"url\":\"https:\\\/\\\/see-the-big-picture.com\\\/wp-content\\\/uploads\\\/see_the_big_picture_exhibition_trofaiach_2019_featured_image.jpg\",\"contentUrl\":\"https:\\\/\\\/see-the-big-picture.com\\\/wp-content\\\/uploads\\\/see_the_big_picture_exhibition_trofaiach_2019_featured_image.jpg\",\"width\":1366,\"height\":768},{\"@type\":\"BreadcrumbList\",\"@id\":\"https:\\\/\\\/see-the-big-picture.com\\\/de\\\/ausstellung-in-trofaiach-2019\\\/#breadcrumb\",\"itemListElement\":[{\"@type\":\"ListItem\",\"position\":1,\"name\":\"Home\",\"item\":\"https:\\\/\\\/see-the-big-picture.com\\\/de\\\/home-2\\\/\"},{\"@type\":\"ListItem\",\"position\":2,\"name\":\"Ausstellung in Trofaiach (2019)\"}]},{\"@type\":\"WebSite\",\"@id\":\"https:\\\/\\\/see-the-big-picture.com\\\/de\\\/#website\",\"url\":\"https:\\\/\\\/see-the-big-picture.com\\\/de\\\/\",\"name\":\"See the Big Picture\",\"description\":\"\",\"publisher\":{\"@id\":\"https:\\\/\\\/see-the-big-picture.com\\\/de\\\/#organization\"},\"potentialAction\":[{\"@type\":\"SearchAction\",\"target\":{\"@type\":\"EntryPoint\",\"urlTemplate\":\"https:\\\/\\\/see-the-big-picture.com\\\/de\\\/?s={search_term_string}\"},\"query-input\":{\"@type\":\"PropertyValueSpecification\",\"valueRequired\":true,\"valueName\":\"search_term_string\"}}],\"inLanguage\":\"de\"},{\"@type\":\"Organization\",\"@id\":\"https:\\\/\\\/see-the-big-picture.com\\\/de\\\/#organization\",\"name\":\"See the Big Picture\",\"url\":\"https:\\\/\\\/see-the-big-picture.com\\\/de\\\/\",\"logo\":{\"@type\":\"ImageObject\",\"inLanguage\":\"de\",\"@id\":\"https:\\\/\\\/see-the-big-picture.com\\\/de\\\/#\\\/schema\\\/logo\\\/image\\\/\",\"url\":\"https:\\\/\\\/i2.wp.com\\\/see-the-big-picture.com\\\/wp-content\\\/uploads\\\/2018\\\/06\\\/STBP_sym.png?fit=424%2C430&ssl=1\",\"contentUrl\":\"https:\\\/\\\/i2.wp.com\\\/see-the-big-picture.com\\\/wp-content\\\/uploads\\\/2018\\\/06\\\/STBP_sym.png?fit=424%2C430&ssl=1\",\"width\":424,\"height\":430,\"caption\":\"See the Big Picture\"},\"image\":{\"@id\":\"https:\\\/\\\/see-the-big-picture.com\\\/de\\\/#\\\/schema\\\/logo\\\/image\\\/\"},\"sameAs\":[\"https:\\\/\\\/www.facebook.com\\\/jointhebigpicture\\\/\",\"https:\\\/\\\/x.com\\\/jointhepicture\",\"https:\\\/\\\/www.instagram.com\\\/jointhebigpicture\\\/\"]},{\"@type\":\"Person\",\"@id\":\"https:\\\/\\\/see-the-big-picture.com\\\/de\\\/#\\\/schema\\\/person\\\/01d753152238afe1fb86aaae2d7b03d0\",\"name\":\"seethebigpicture\",\"image\":{\"@type\":\"ImageObject\",\"inLanguage\":\"de\",\"@id\":\"https:\\\/\\\/secure.gravatar.com\\\/avatar\\\/499d745577c1f8e4a4ca24019cc3fcec8b1fed12ab8714ab5be7fcddd947f792?s=96&d=mm&r=g\",\"url\":\"https:\\\/\\\/secure.gravatar.com\\\/avatar\\\/499d745577c1f8e4a4ca24019cc3fcec8b1fed12ab8714ab5be7fcddd947f792?s=96&d=mm&r=g\",\"contentUrl\":\"https:\\\/\\\/secure.gravatar.com\\\/avatar\\\/499d745577c1f8e4a4ca24019cc3fcec8b1fed12ab8714ab5be7fcddd947f792?s=96&d=mm&r=g\",\"caption\":\"seethebigpicture\"}}]}<\/script>\n<!-- \/ Yoast SEO plugin. -->","yoast_head_json":{"title":"See the Big Picture - Ausstellung in Trofaiach (2019)","description":"Die Kollektion der internationalen Kunstinitiative See the Big Picture ist in Trofaiach zu sehen. Hier sind einige Impressionen dieser Ausstellung.","robots":{"index":"index","follow":"follow","max-snippet":"max-snippet:-1","max-image-preview":"max-image-preview:large","max-video-preview":"max-video-preview:-1"},"canonical":"https:\/\/see-the-big-picture.com\/de\/ausstellung-in-trofaiach-2019\/","og_locale":"de_DE","og_type":"article","og_title":"See the Big Picture - Ausstellung in Trofaiach (2019)","og_description":"Die Kollektion der internationalen Kunstinitiative See the Big Picture ist in Trofaiach zu sehen. Hier sind einige Impressionen dieser Ausstellung.","og_url":"https:\/\/see-the-big-picture.com\/de\/ausstellung-in-trofaiach-2019\/","og_site_name":"See the Big Picture","article_publisher":"https:\/\/www.facebook.com\/jointhebigpicture\/","article_published_time":"2021-06-17T09:17:00+00:00","article_modified_time":"2022-07-21T11:33:37+00:00","og_image":[{"url":"https:\/\/see-the-big-picture.com\/wp-content\/uploads\/image-single-pages-Exhibitions.jpg","type":"","width":"","height":""}],"author":"seethebigpicture","twitter_card":"summary_large_image","twitter_title":"See the Big Picture - Ausstellung in Trofaiach (2019)","twitter_description":"Die Kollektion der internationalen Kunstinitiative See the Big Picture ist in Trofaiach zu sehen. Hier sind einige Impressionen dieser Ausstellung.","twitter_image":"https:\/\/see-the-big-picture.com\/wp-content\/uploads\/image-single-pages-Exhibitions.jpg","twitter_creator":"@jointhepicture","twitter_site":"@jointhepicture","twitter_misc":{"Verfasst von":"seethebigpicture","Gesch\u00e4tzte Lesezeit":"3\u00a0Minuten"},"schema":{"@context":"https:\/\/schema.org","@graph":[{"@type":"Article","@id":"https:\/\/see-the-big-picture.com\/de\/ausstellung-in-trofaiach-2019\/#article","isPartOf":{"@id":"https:\/\/see-the-big-picture.com\/de\/ausstellung-in-trofaiach-2019\/"},"author":{"name":"seethebigpicture","@id":"https:\/\/see-the-big-picture.com\/de\/#\/schema\/person\/01d753152238afe1fb86aaae2d7b03d0"},"headline":"Ausstellung in Trofaiach (2019)","datePublished":"2021-06-17T09:17:00+00:00","dateModified":"2022-07-21T11:33:37+00:00","mainEntityOfPage":{"@id":"https:\/\/see-the-big-picture.com\/de\/ausstellung-in-trofaiach-2019\/"},"wordCount":184,"publisher":{"@id":"https:\/\/see-the-big-picture.com\/de\/#organization"},"image":{"@id":"https:\/\/see-the-big-picture.com\/de\/ausstellung-in-trofaiach-2019\/#primaryimage"},"thumbnailUrl":"https:\/\/see-the-big-picture.com\/wp-content\/uploads\/see_the_big_picture_exhibition_trofaiach_2019_featured_image.jpg","articleSection":["Ausstellungen"],"inLanguage":"de"},{"@type":"WebPage","@id":"https:\/\/see-the-big-picture.com\/de\/ausstellung-in-trofaiach-2019\/","url":"https:\/\/see-the-big-picture.com\/de\/ausstellung-in-trofaiach-2019\/","name":"See the Big Picture - Ausstellung in Trofaiach (2019)","isPartOf":{"@id":"https:\/\/see-the-big-picture.com\/de\/#website"},"primaryImageOfPage":{"@id":"https:\/\/see-the-big-picture.com\/de\/ausstellung-in-trofaiach-2019\/#primaryimage"},"image":{"@id":"https:\/\/see-the-big-picture.com\/de\/ausstellung-in-trofaiach-2019\/#primaryimage"},"thumbnailUrl":"https:\/\/see-the-big-picture.com\/wp-content\/uploads\/see_the_big_picture_exhibition_trofaiach_2019_featured_image.jpg","datePublished":"2021-06-17T09:17:00+00:00","dateModified":"2022-07-21T11:33:37+00:00","description":"Die Kollektion der internationalen Kunstinitiative See the Big Picture ist in Trofaiach zu sehen. Hier sind einige Impressionen dieser Ausstellung.","breadcrumb":{"@id":"https:\/\/see-the-big-picture.com\/de\/ausstellung-in-trofaiach-2019\/#breadcrumb"},"inLanguage":"de","potentialAction":[{"@type":"ReadAction","target":["https:\/\/see-the-big-picture.com\/de\/ausstellung-in-trofaiach-2019\/"]}]},{"@type":"ImageObject","inLanguage":"de","@id":"https:\/\/see-the-big-picture.com\/de\/ausstellung-in-trofaiach-2019\/#primaryimage","url":"https:\/\/see-the-big-picture.com\/wp-content\/uploads\/see_the_big_picture_exhibition_trofaiach_2019_featured_image.jpg","contentUrl":"https:\/\/see-the-big-picture.com\/wp-content\/uploads\/see_the_big_picture_exhibition_trofaiach_2019_featured_image.jpg","width":1366,"height":768},{"@type":"BreadcrumbList","@id":"https:\/\/see-the-big-picture.com\/de\/ausstellung-in-trofaiach-2019\/#breadcrumb","itemListElement":[{"@type":"ListItem","position":1,"name":"Home","item":"https:\/\/see-the-big-picture.com\/de\/home-2\/"},{"@type":"ListItem","position":2,"name":"Ausstellung in Trofaiach (2019)"}]},{"@type":"WebSite","@id":"https:\/\/see-the-big-picture.com\/de\/#website","url":"https:\/\/see-the-big-picture.com\/de\/","name":"See the Big Picture","description":"","publisher":{"@id":"https:\/\/see-the-big-picture.com\/de\/#organization"},"potentialAction":[{"@type":"SearchAction","target":{"@type":"EntryPoint","urlTemplate":"https:\/\/see-the-big-picture.com\/de\/?s={search_term_string}"},"query-input":{"@type":"PropertyValueSpecification","valueRequired":true,"valueName":"search_term_string"}}],"inLanguage":"de"},{"@type":"Organization","@id":"https:\/\/see-the-big-picture.com\/de\/#organization","name":"See the Big Picture","url":"https:\/\/see-the-big-picture.com\/de\/","logo":{"@type":"ImageObject","inLanguage":"de","@id":"https:\/\/see-the-big-picture.com\/de\/#\/schema\/logo\/image\/","url":"https:\/\/i2.wp.com\/see-the-big-picture.com\/wp-content\/uploads\/2018\/06\/STBP_sym.png?fit=424%2C430&ssl=1","contentUrl":"https:\/\/i2.wp.com\/see-the-big-picture.com\/wp-content\/uploads\/2018\/06\/STBP_sym.png?fit=424%2C430&ssl=1","width":424,"height":430,"caption":"See the Big Picture"},"image":{"@id":"https:\/\/see-the-big-picture.com\/de\/#\/schema\/logo\/image\/"},"sameAs":["https:\/\/www.facebook.com\/jointhebigpicture\/","https:\/\/x.com\/jointhepicture","https:\/\/www.instagram.com\/jointhebigpicture\/"]},{"@type":"Person","@id":"https:\/\/see-the-big-picture.com\/de\/#\/schema\/person\/01d753152238afe1fb86aaae2d7b03d0","name":"seethebigpicture","image":{"@type":"ImageObject","inLanguage":"de","@id":"https:\/\/secure.gravatar.com\/avatar\/499d745577c1f8e4a4ca24019cc3fcec8b1fed12ab8714ab5be7fcddd947f792?s=96&d=mm&r=g","url":"https:\/\/secure.gravatar.com\/avatar\/499d745577c1f8e4a4ca24019cc3fcec8b1fed12ab8714ab5be7fcddd947f792?s=96&d=mm&r=g","contentUrl":"https:\/\/secure.gravatar.com\/avatar\/499d745577c1f8e4a4ca24019cc3fcec8b1fed12ab8714ab5be7fcddd947f792?s=96&d=mm&r=g","caption":"seethebigpicture"}}]}},"jetpack_featured_media_url":"https:\/\/see-the-big-picture.com\/wp-content\/uploads\/see_the_big_picture_exhibition_trofaiach_2019_featured_image.jpg","jetpack_sharing_enabled":true,"_links":{"self":[{"href":"https:\/\/see-the-big-picture.com\/de\/wp-json\/wp\/v2\/posts\/7745","targetHints":{"allow":["GET"]}}],"collection":[{"href":"https:\/\/see-the-big-picture.com\/de\/wp-json\/wp\/v2\/posts"}],"about":[{"href":"https:\/\/see-the-big-picture.com\/de\/wp-json\/wp\/v2\/types\/post"}],"author":[{"embeddable":true,"href":"https:\/\/see-the-big-picture.com\/de\/wp-json\/wp\/v2\/users\/1"}],"replies":[{"embeddable":true,"href":"https:\/\/see-the-big-picture.com\/de\/wp-json\/wp\/v2\/comments?post=7745"}],"version-history":[{"count":9,"href":"https:\/\/see-the-big-picture.com\/de\/wp-json\/wp\/v2\/posts\/7745\/revisions"}],"predecessor-version":[{"id":11085,"href":"https:\/\/see-the-big-picture.com\/de\/wp-json\/wp\/v2\/posts\/7745\/revisions\/11085"}],"wp:featuredmedia":[{"embeddable":true,"href":"https:\/\/see-the-big-picture.com\/de\/wp-json\/wp\/v2\/media\/8741"}],"wp:attachment":[{"href":"https:\/\/see-the-big-picture.com\/de\/wp-json\/wp\/v2\/media?parent=7745"}],"wp:term":[{"taxonomy":"category","embeddable":true,"href":"https:\/\/see-the-big-picture.com\/de\/wp-json\/wp\/v2\/categories?post=7745"},{"taxonomy":"post_tag","embeddable":true,"href":"https:\/\/see-the-big-picture.com\/de\/wp-json\/wp\/v2\/tags?post=7745"}],"curies":[{"name":"wp","href":"https:\/\/api.w.org\/{rel}","templated":true}]}}