{"id":6669,"date":"2021-06-16T14:13:33","date_gmt":"2021-06-16T13:13:33","guid":{"rendered":"https:\/\/see-the-big-picture.com\/?p=6669"},"modified":"2021-06-18T07:20:30","modified_gmt":"2021-06-18T06:20:30","slug":"isabella-von-freienstein","status":"publish","type":"post","link":"https:\/\/see-the-big-picture.com\/de\/isabella-von-freienstein\/","title":{"rendered":"Isabella von Freienstein"},"content":{"rendered":"\t\t<div data-elementor-type=\"wp-post\" data-elementor-id=\"6669\" class=\"elementor elementor-6669 elementor-5390\">\n\t\t\t\t\t\t<section class=\"elementor-section elementor-top-section elementor-element elementor-element-ac82d94 elementor-section-boxed elementor-section-height-default elementor-section-height-default\" data-id=\"ac82d94\" data-element_type=\"section\" data-e-type=\"section\">\n\t\t\t\t\t\t<div class=\"elementor-container elementor-column-gap-default\">\n\t\t\t\t\t<div class=\"elementor-column elementor-col-50 elementor-top-column elementor-element elementor-element-9db9bb\" data-id=\"9db9bb\" data-element_type=\"column\" data-e-type=\"column\" data-settings=\"{&quot;background_background&quot;:&quot;classic&quot;}\">\n\t\t\t<div class=\"elementor-widget-wrap elementor-element-populated\">\n\t\t\t\t\t<div class=\"elementor-background-overlay\"><\/div>\n\t\t\t\t\t\t<div class=\"elementor-element elementor-element-5f5d5aa6 elementor-widget elementor-widget-image\" data-id=\"5f5d5aa6\" data-element_type=\"widget\" data-e-type=\"widget\" data-widget_type=\"image.default\">\n\t\t\t\t<div class=\"elementor-widget-container\">\n\t\t\t\t\t\t\t\t\t\t\t\t\t\t\t\t<a href=\"https:\/\/see-the-big-picture.com\/wp-content\/uploads\/see_the_big_picture_isabella_von_freienstein_painting.jpg\" data-elementor-open-lightbox=\"yes\" data-elementor-lightbox-title=\"Grenzenlos eingegrenzt\" data-e-action-hash=\"#elementor-action%3Aaction%3Dlightbox%26settings%3DeyJpZCI6OTAxMSwidXJsIjoiaHR0cHM6XC9cL3NlZS10aGUtYmlnLXBpY3R1cmUuY29tXC93cC1jb250ZW50XC91cGxvYWRzXC9zZWVfdGhlX2JpZ19waWN0dXJlX2lzYWJlbGxhX3Zvbl9mcmVpZW5zdGVpbl9wYWludGluZy5qcGcifQ%3D%3D\">\n\t\t\t\t\t\t\t<img fetchpriority=\"high\" decoding=\"async\" width=\"1500\" height=\"1200\" src=\"https:\/\/see-the-big-picture.com\/wp-content\/uploads\/see_the_big_picture_isabella_von_freienstein_painting.jpg\" class=\"attachment-full size-full wp-image-9011\" alt=\"\" srcset=\"https:\/\/see-the-big-picture.com\/wp-content\/uploads\/see_the_big_picture_isabella_von_freienstein_painting.jpg 1500w, https:\/\/see-the-big-picture.com\/wp-content\/uploads\/see_the_big_picture_isabella_von_freienstein_painting-300x240.jpg 300w, https:\/\/see-the-big-picture.com\/wp-content\/uploads\/see_the_big_picture_isabella_von_freienstein_painting-1024x819.jpg 1024w, https:\/\/see-the-big-picture.com\/wp-content\/uploads\/see_the_big_picture_isabella_von_freienstein_painting-768x614.jpg 768w\" sizes=\"(max-width: 1500px) 100vw, 1500px\" \/>\t\t\t\t\t\t\t\t<\/a>\n\t\t\t\t\t\t\t\t\t\t\t\t\t\t\t<\/div>\n\t\t\t\t<\/div>\n\t\t\t\t\t<\/div>\n\t\t<\/div>\n\t\t\t\t<div class=\"elementor-column elementor-col-50 elementor-top-column elementor-element elementor-element-359b0dd7\" data-id=\"359b0dd7\" data-element_type=\"column\" data-e-type=\"column\" data-settings=\"{&quot;background_background&quot;:&quot;classic&quot;}\">\n\t\t\t<div class=\"elementor-widget-wrap elementor-element-populated\">\n\t\t\t\t\t\t<div class=\"elementor-element elementor-element-384aef03 elementor-position-top elementor-widget elementor-widget-image-box\" data-id=\"384aef03\" data-element_type=\"widget\" data-e-type=\"widget\" data-widget_type=\"image-box.default\">\n\t\t\t\t<div class=\"elementor-widget-container\">\n\t\t\t\t\t<div class=\"elementor-image-box-wrapper\"><figure class=\"elementor-image-box-img\"><img decoding=\"async\" width=\"1366\" height=\"768\" src=\"https:\/\/see-the-big-picture.com\/wp-content\/uploads\/see_the_big_picture_profile_isabella_von_freienstein.jpg\" class=\"attachment-full size-full wp-image-5597\" alt=\"\" srcset=\"https:\/\/see-the-big-picture.com\/wp-content\/uploads\/see_the_big_picture_profile_isabella_von_freienstein.jpg 1366w, https:\/\/see-the-big-picture.com\/wp-content\/uploads\/see_the_big_picture_profile_isabella_von_freienstein-300x169.jpg 300w, https:\/\/see-the-big-picture.com\/wp-content\/uploads\/see_the_big_picture_profile_isabella_von_freienstein-1024x576.jpg 1024w, https:\/\/see-the-big-picture.com\/wp-content\/uploads\/see_the_big_picture_profile_isabella_von_freienstein-768x432.jpg 768w\" sizes=\"(max-width: 1366px) 100vw, 1366px\" \/><\/figure><div class=\"elementor-image-box-content\"><h3 class=\"elementor-image-box-title\">ISABELLA VON FREIENSTEIN<\/h3><p class=\"elementor-image-box-description\"><b>Land:<\/b> \u00d6sterreich<br><b>Titel:<\/b> <span style=\"font-weight: 400\">Grenzenlos eingegrenzt<\/span><\/p><\/div><\/div>\t\t\t\t<\/div>\n\t\t\t\t<\/div>\n\t\t\t\t\t<\/div>\n\t\t<\/div>\n\t\t\t\t\t<\/div>\n\t\t<\/section>\n\t\t\t\t<section class=\"elementor-section elementor-top-section elementor-element elementor-element-3f31c40 elementor-section-boxed elementor-section-height-default elementor-section-height-default\" data-id=\"3f31c40\" data-element_type=\"section\" data-e-type=\"section\" data-settings=\"{&quot;background_background&quot;:&quot;classic&quot;}\">\n\t\t\t\t\t\t<div class=\"elementor-container elementor-column-gap-default\">\n\t\t\t\t\t<div class=\"elementor-column elementor-col-100 elementor-top-column elementor-element elementor-element-488e3ad0\" data-id=\"488e3ad0\" data-element_type=\"column\" data-e-type=\"column\" data-settings=\"{&quot;background_background&quot;:&quot;classic&quot;}\">\n\t\t\t<div class=\"elementor-widget-wrap elementor-element-populated\">\n\t\t\t\t\t\t<section class=\"elementor-section elementor-inner-section elementor-element elementor-element-234c1b0 elementor-section-boxed elementor-section-height-default elementor-section-height-default\" data-id=\"234c1b0\" data-element_type=\"section\" data-e-type=\"section\">\n\t\t\t\t\t\t<div class=\"elementor-container elementor-column-gap-wide\">\n\t\t\t\t\t<div class=\"elementor-column elementor-col-100 elementor-inner-column elementor-element elementor-element-5d7e45dd\" data-id=\"5d7e45dd\" data-element_type=\"column\" data-e-type=\"column\">\n\t\t\t<div class=\"elementor-widget-wrap elementor-element-populated\">\n\t\t\t\t\t\t<div class=\"elementor-element elementor-element-621a3866 elementor-widget elementor-widget-text-editor\" data-id=\"621a3866\" data-element_type=\"widget\" data-e-type=\"widget\" data-widget_type=\"text-editor.default\">\n\t\t\t\t<div class=\"elementor-widget-container\">\n\t\t\t\t\t\t\t\t\t<p>Das gr\u00f6\u00dfte Thema unserer Zeit ist das der Grenzen!<\/p>\n<p>Wer h\u00e4tte das gedacht?<\/p>\n<p>Wir waren bereits auf dem Weg zu einer Welt ohne Grenzen, wir fuhren ohne Grenzkontrollen durch Europa, Grenzen fielen und zugleich setzte der Triumphzug des grenzenlosen Marktes ein! Globalisierung, Welthandel, Finanzstr\u00f6me. Und dann \u2013 der bis dahin gr\u00f6\u00dfte Meilenstein auf dem Weg zur Grenzenlosigkeit: das Internet! Endlose Daten, die jegliche Grenzen in Echtzeit \u00fcberqueren, unendliche Freiheit im virtuellen Raum. Sollte ein langgehegter Traum der Menschheit doch noch Realit\u00e4t werden? Ein Leben ohne Grenzen? Was im Internet passiert, geschieht auch in der analogen Welt von Fleisch und Blut. Da, wo es keine Grenzen des Anstandes gibt, entsteht schiere Barbarei. Tats\u00e4chlich erkennen wir nun in aller Deutlichkeit, wohin es f\u00fchrt, wenn Grenzen fallen. Mit ihnen gehen ebenso Tabus und Werte verloren. Die unbeschr\u00e4nkte Wirtschaft und ihr Traum vom unendlichen Wachstum f\u00fchren zu einer unermesslichen Umweltkatastrophe. Ma\u00dflose Fundamentalisten und Politiker verursachen unendliche Fluchtbewegungen, die gro\u00dfes Leid mit sich bringen. Kein Wunder, dass der Ruf nach Grenzen wieder laut wird. Doch im Hintergrund des Grundgedankens war eine einzige dunkle Wahrheit angelegt, die alle betrifft, die Grenzen \u00fcberqueren! Das Wissen um die Grenze, die der Tod vorgibt!<\/p>\n<p>Isabella Steindl (geborene Haberl) wurde am 22.03.1981 in Leoben, \u00d6sterreich, geboren. Sie ist eine alleinerziehende Mutter zweier wunderbarer Kinder und lebt seit 2011 in der Landeshauptstadt der Steiermark, Graz. Sie ging in der Obersteiermark zur Schule und machte ihre erste Ausbildung im Catering. Anschlie\u00dfend studierte sie Tanztherapie, was den Grundstein f\u00fcr ihre sp\u00e4tere Karriere im sozialen Bereich legte. Zwischen 2002 und 2005 nutzte sie die Elternkarenz, um ihren Abschluss an einer Sekundarschule zu beenden und ein Studium an der Universit\u00e4t von Graz aufzunehmen. 2014 wurde ihr zweites Kind geboren. In dieser Zeit entdeckte sie die Welt der Farben und begann mit dem Malen und Zeichnen. Dazu verwendete sie \u00d6l, Acryl, Grafit, und Wasserfarben.<\/p>\n<p>Im Fr\u00fchling des Jahres 2015 ging sie mit dem K\u00fcnstlernamen Isabellla von Freienstein mit ihren Kunstwerken an die \u00d6ffentlichkeit und wurde auf Anhieb ein Erfolg. Sie wurde f\u00fcr die Kunstpreise Kitz und Palmar nominiert und gewann den internationalen Kunstpreis Australia&#8217;s Artmate International sowie den Michael Angelo Preis im Palazzo Cardinal Cesi in Rom. Von Freienstein wurde von vielen internationalen Kunstmagazinen interviewt und besprochen, darunter Art Illustrated und Craft. Ihr Werk ist autobiografisch und selbstreflektierend und geht bei der figurativen Darstellung sehr ins Detail, l\u00e4sst aber auch Raum zur Interpretation. Die Grenzen zwischen Realit\u00e4t und abstrakter Kunst verwischen und der entstehende Freiraum dazwischen \u00f6ffnet sich dem Dialog. Die Wahrnehmung der Geschlechter wird hinterfragt und M\u00e4nner werden Frauen und umgekehrt. Es entstehen beinahe zwittrige Figuren, die wagemutig und stark sind. Ein weiteres Merkmal ihrer Kunst ist die komplexe Linearit\u00e4t, die immer in Bewegung und sehr dynamisch ist.<\/p>\n<p>Kontakt:\u00a0\u00a0<a href=\"mailto:stI_art@gmx.at\">stI_art@gmx.at<\/a><\/p>\n<p><a href=\"https:\/\/stiart.wixsite.com\/freienstein\">https:\/\/stiart.wixsite.com\/freienstein<\/a><\/p>\n<p><a href=\"https:\/\/www.facebook.com\/sonja.florian.14\">https:\/\/www.facebook.com\/sonja.florian.14<\/a><\/p>\n<p><a href=\"https:\/\/www.instagram.com\/sti_freienstein\/\">https:\/\/www.instagram.com\/sti_freienstein<\/a><\/p>\n\t\t\t\t\t\t\t\t<\/div>\n\t\t\t\t<\/div>\n\t\t\t\t\t<\/div>\n\t\t<\/div>\n\t\t\t\t\t<\/div>\n\t\t<\/section>\n\t\t\t\t\t<\/div>\n\t\t<\/div>\n\t\t\t\t\t<\/div>\n\t\t<\/section>\n\t\t\t\t<\/div>\n\t\t","protected":false},"excerpt":{"rendered":"<p>ISABELLA VON FREIENSTEIN Land: \u00d6sterreich Titel: Grenzenlos eingegrenzt Das gr\u00f6\u00dfte Thema unserer Zeit ist das der Grenzen! Wer h\u00e4tte das gedacht? Wir waren bereits auf dem Weg zu einer Welt ohne Grenzen, wir fuhren ohne Grenzkontrollen durch Europa, Grenzen fielen und zugleich setzte der Triumphzug des grenzenlosen Marktes ein! Globalisierung, Welthandel, Finanzstr\u00f6me. Und dann \u2013 [&hellip;]<\/p>\n","protected":false},"author":1,"featured_media":5597,"comment_status":"closed","ping_status":"closed","sticky":false,"template":"","format":"standard","meta":{"give_campaign_id":0,"_jetpack_memberships_contains_paid_content":false,"footnotes":""},"categories":[141],"tags":[],"class_list":["post-6669","post","type-post","status-publish","format-standard","has-post-thumbnail","hentry","category-community-de"],"yoast_head":"<!-- This site is optimized with the Yoast SEO plugin v27.5 - https:\/\/yoast.com\/product\/yoast-seo-wordpress\/ -->\n<title>See the Big Picture - Community - Isabella von Freienstein<\/title>\n<meta name=\"description\" content=\"Isabella von Freienstein ist eine \u00f6sterreichische K\u00fcnstlerin. Ihr Werk ist oft autobiografisch und besteht sowohl aus figurativen als auch abstrakten Elementen.\" \/>\n<meta name=\"robots\" content=\"index, follow, max-snippet:-1, max-image-preview:large, max-video-preview:-1\" \/>\n<link rel=\"canonical\" href=\"https:\/\/see-the-big-picture.com\/de\/isabella-von-freienstein\/\" \/>\n<meta property=\"og:locale\" content=\"de_DE\" \/>\n<meta property=\"og:type\" content=\"article\" \/>\n<meta property=\"og:title\" content=\"See the Big Picture - Community - Isabella von Freienstein\" \/>\n<meta property=\"og:description\" content=\"Isabella von Freienstein ist eine \u00f6sterreichische K\u00fcnstlerin. Ihr Werk ist oft autobiografisch und besteht sowohl aus figurativen als auch abstrakten Elementen.\" \/>\n<meta property=\"og:url\" content=\"https:\/\/see-the-big-picture.com\/de\/isabella-von-freienstein\/\" \/>\n<meta property=\"og:site_name\" content=\"See the Big Picture\" \/>\n<meta property=\"article:publisher\" content=\"https:\/\/www.facebook.com\/jointhebigpicture\/\" \/>\n<meta property=\"article:published_time\" content=\"2021-06-16T13:13:33+00:00\" \/>\n<meta property=\"article:modified_time\" content=\"2021-06-18T06:20:30+00:00\" \/>\n<meta property=\"og:image\" content=\"https:\/\/see-the-big-picture.com\/wp-content\/uploads\/see_the_big_picture_profile_isabella_von_freienstein.jpg\" \/>\n<meta name=\"author\" content=\"seethebigpicture\" \/>\n<meta name=\"twitter:card\" content=\"summary_large_image\" \/>\n<meta name=\"twitter:title\" content=\"See the Big Picture - Community - Isabella von Freienstein\" \/>\n<meta name=\"twitter:description\" content=\"Isabella von Freienstein ist eine \u00f6sterreichische K\u00fcnstlerin. Ihr Werk ist oft autobiografisch und besteht sowohl aus figurativen als auch abstrakten Elementen.\" \/>\n<meta name=\"twitter:image\" content=\"https:\/\/see-the-big-picture.com\/wp-content\/uploads\/see_the_big_picture_profile_isabella_von_freienstein.jpg\" \/>\n<meta name=\"twitter:creator\" content=\"@jointhepicture\" \/>\n<meta name=\"twitter:site\" content=\"@jointhepicture\" \/>\n<meta name=\"twitter:label1\" content=\"Verfasst von\" \/>\n\t<meta name=\"twitter:data1\" content=\"seethebigpicture\" \/>\n\t<meta name=\"twitter:label2\" content=\"Gesch\u00e4tzte Lesezeit\" \/>\n\t<meta name=\"twitter:data2\" content=\"3\u00a0Minuten\" \/>\n<script type=\"application\/ld+json\" class=\"yoast-schema-graph\">{\"@context\":\"https:\\\/\\\/schema.org\",\"@graph\":[{\"@type\":\"Article\",\"@id\":\"https:\\\/\\\/see-the-big-picture.com\\\/de\\\/isabella-von-freienstein\\\/#article\",\"isPartOf\":{\"@id\":\"https:\\\/\\\/see-the-big-picture.com\\\/de\\\/isabella-von-freienstein\\\/\"},\"author\":{\"name\":\"seethebigpicture\",\"@id\":\"https:\\\/\\\/see-the-big-picture.com\\\/de\\\/#\\\/schema\\\/person\\\/01d753152238afe1fb86aaae2d7b03d0\"},\"headline\":\"Isabella von Freienstein\",\"datePublished\":\"2021-06-16T13:13:33+00:00\",\"dateModified\":\"2021-06-18T06:20:30+00:00\",\"mainEntityOfPage\":{\"@id\":\"https:\\\/\\\/see-the-big-picture.com\\\/de\\\/isabella-von-freienstein\\\/\"},\"wordCount\":504,\"publisher\":{\"@id\":\"https:\\\/\\\/see-the-big-picture.com\\\/de\\\/#organization\"},\"image\":{\"@id\":\"https:\\\/\\\/see-the-big-picture.com\\\/de\\\/isabella-von-freienstein\\\/#primaryimage\"},\"thumbnailUrl\":\"https:\\\/\\\/see-the-big-picture.com\\\/wp-content\\\/uploads\\\/see_the_big_picture_profile_isabella_von_freienstein.jpg\",\"articleSection\":[\"Community\"],\"inLanguage\":\"de\"},{\"@type\":\"WebPage\",\"@id\":\"https:\\\/\\\/see-the-big-picture.com\\\/de\\\/isabella-von-freienstein\\\/\",\"url\":\"https:\\\/\\\/see-the-big-picture.com\\\/de\\\/isabella-von-freienstein\\\/\",\"name\":\"See the Big Picture - Community - Isabella von Freienstein\",\"isPartOf\":{\"@id\":\"https:\\\/\\\/see-the-big-picture.com\\\/de\\\/#website\"},\"primaryImageOfPage\":{\"@id\":\"https:\\\/\\\/see-the-big-picture.com\\\/de\\\/isabella-von-freienstein\\\/#primaryimage\"},\"image\":{\"@id\":\"https:\\\/\\\/see-the-big-picture.com\\\/de\\\/isabella-von-freienstein\\\/#primaryimage\"},\"thumbnailUrl\":\"https:\\\/\\\/see-the-big-picture.com\\\/wp-content\\\/uploads\\\/see_the_big_picture_profile_isabella_von_freienstein.jpg\",\"datePublished\":\"2021-06-16T13:13:33+00:00\",\"dateModified\":\"2021-06-18T06:20:30+00:00\",\"description\":\"Isabella von Freienstein ist eine \u00f6sterreichische K\u00fcnstlerin. Ihr Werk ist oft autobiografisch und besteht sowohl aus figurativen als auch abstrakten Elementen.\",\"breadcrumb\":{\"@id\":\"https:\\\/\\\/see-the-big-picture.com\\\/de\\\/isabella-von-freienstein\\\/#breadcrumb\"},\"inLanguage\":\"de\",\"potentialAction\":[{\"@type\":\"ReadAction\",\"target\":[\"https:\\\/\\\/see-the-big-picture.com\\\/de\\\/isabella-von-freienstein\\\/\"]}]},{\"@type\":\"ImageObject\",\"inLanguage\":\"de\",\"@id\":\"https:\\\/\\\/see-the-big-picture.com\\\/de\\\/isabella-von-freienstein\\\/#primaryimage\",\"url\":\"https:\\\/\\\/see-the-big-picture.com\\\/wp-content\\\/uploads\\\/see_the_big_picture_profile_isabella_von_freienstein.jpg\",\"contentUrl\":\"https:\\\/\\\/see-the-big-picture.com\\\/wp-content\\\/uploads\\\/see_the_big_picture_profile_isabella_von_freienstein.jpg\",\"width\":1366,\"height\":768},{\"@type\":\"BreadcrumbList\",\"@id\":\"https:\\\/\\\/see-the-big-picture.com\\\/de\\\/isabella-von-freienstein\\\/#breadcrumb\",\"itemListElement\":[{\"@type\":\"ListItem\",\"position\":1,\"name\":\"Home\",\"item\":\"https:\\\/\\\/see-the-big-picture.com\\\/de\\\/home-2\\\/\"},{\"@type\":\"ListItem\",\"position\":2,\"name\":\"Isabella von Freienstein\"}]},{\"@type\":\"WebSite\",\"@id\":\"https:\\\/\\\/see-the-big-picture.com\\\/de\\\/#website\",\"url\":\"https:\\\/\\\/see-the-big-picture.com\\\/de\\\/\",\"name\":\"See the Big Picture\",\"description\":\"\",\"publisher\":{\"@id\":\"https:\\\/\\\/see-the-big-picture.com\\\/de\\\/#organization\"},\"potentialAction\":[{\"@type\":\"SearchAction\",\"target\":{\"@type\":\"EntryPoint\",\"urlTemplate\":\"https:\\\/\\\/see-the-big-picture.com\\\/de\\\/?s={search_term_string}\"},\"query-input\":{\"@type\":\"PropertyValueSpecification\",\"valueRequired\":true,\"valueName\":\"search_term_string\"}}],\"inLanguage\":\"de\"},{\"@type\":\"Organization\",\"@id\":\"https:\\\/\\\/see-the-big-picture.com\\\/de\\\/#organization\",\"name\":\"See the Big Picture\",\"url\":\"https:\\\/\\\/see-the-big-picture.com\\\/de\\\/\",\"logo\":{\"@type\":\"ImageObject\",\"inLanguage\":\"de\",\"@id\":\"https:\\\/\\\/see-the-big-picture.com\\\/de\\\/#\\\/schema\\\/logo\\\/image\\\/\",\"url\":\"https:\\\/\\\/i2.wp.com\\\/see-the-big-picture.com\\\/wp-content\\\/uploads\\\/2018\\\/06\\\/STBP_sym.png?fit=424%2C430&ssl=1\",\"contentUrl\":\"https:\\\/\\\/i2.wp.com\\\/see-the-big-picture.com\\\/wp-content\\\/uploads\\\/2018\\\/06\\\/STBP_sym.png?fit=424%2C430&ssl=1\",\"width\":424,\"height\":430,\"caption\":\"See the Big Picture\"},\"image\":{\"@id\":\"https:\\\/\\\/see-the-big-picture.com\\\/de\\\/#\\\/schema\\\/logo\\\/image\\\/\"},\"sameAs\":[\"https:\\\/\\\/www.facebook.com\\\/jointhebigpicture\\\/\",\"https:\\\/\\\/x.com\\\/jointhepicture\",\"https:\\\/\\\/www.instagram.com\\\/jointhebigpicture\\\/\"]},{\"@type\":\"Person\",\"@id\":\"https:\\\/\\\/see-the-big-picture.com\\\/de\\\/#\\\/schema\\\/person\\\/01d753152238afe1fb86aaae2d7b03d0\",\"name\":\"seethebigpicture\",\"image\":{\"@type\":\"ImageObject\",\"inLanguage\":\"de\",\"@id\":\"https:\\\/\\\/secure.gravatar.com\\\/avatar\\\/499d745577c1f8e4a4ca24019cc3fcec8b1fed12ab8714ab5be7fcddd947f792?s=96&d=mm&r=g\",\"url\":\"https:\\\/\\\/secure.gravatar.com\\\/avatar\\\/499d745577c1f8e4a4ca24019cc3fcec8b1fed12ab8714ab5be7fcddd947f792?s=96&d=mm&r=g\",\"contentUrl\":\"https:\\\/\\\/secure.gravatar.com\\\/avatar\\\/499d745577c1f8e4a4ca24019cc3fcec8b1fed12ab8714ab5be7fcddd947f792?s=96&d=mm&r=g\",\"caption\":\"seethebigpicture\"}}]}<\/script>\n<!-- \/ Yoast SEO plugin. -->","yoast_head_json":{"title":"See the Big Picture - Community - Isabella von Freienstein","description":"Isabella von Freienstein ist eine \u00f6sterreichische K\u00fcnstlerin. Ihr Werk ist oft autobiografisch und besteht sowohl aus figurativen als auch abstrakten Elementen.","robots":{"index":"index","follow":"follow","max-snippet":"max-snippet:-1","max-image-preview":"max-image-preview:large","max-video-preview":"max-video-preview:-1"},"canonical":"https:\/\/see-the-big-picture.com\/de\/isabella-von-freienstein\/","og_locale":"de_DE","og_type":"article","og_title":"See the Big Picture - Community - Isabella von Freienstein","og_description":"Isabella von Freienstein ist eine \u00f6sterreichische K\u00fcnstlerin. Ihr Werk ist oft autobiografisch und besteht sowohl aus figurativen als auch abstrakten Elementen.","og_url":"https:\/\/see-the-big-picture.com\/de\/isabella-von-freienstein\/","og_site_name":"See the Big Picture","article_publisher":"https:\/\/www.facebook.com\/jointhebigpicture\/","article_published_time":"2021-06-16T13:13:33+00:00","article_modified_time":"2021-06-18T06:20:30+00:00","og_image":[{"url":"https:\/\/see-the-big-picture.com\/wp-content\/uploads\/see_the_big_picture_profile_isabella_von_freienstein.jpg","type":"","width":"","height":""}],"author":"seethebigpicture","twitter_card":"summary_large_image","twitter_title":"See the Big Picture - Community - Isabella von Freienstein","twitter_description":"Isabella von Freienstein ist eine \u00f6sterreichische K\u00fcnstlerin. Ihr Werk ist oft autobiografisch und besteht sowohl aus figurativen als auch abstrakten Elementen.","twitter_image":"https:\/\/see-the-big-picture.com\/wp-content\/uploads\/see_the_big_picture_profile_isabella_von_freienstein.jpg","twitter_creator":"@jointhepicture","twitter_site":"@jointhepicture","twitter_misc":{"Verfasst von":"seethebigpicture","Gesch\u00e4tzte Lesezeit":"3\u00a0Minuten"},"schema":{"@context":"https:\/\/schema.org","@graph":[{"@type":"Article","@id":"https:\/\/see-the-big-picture.com\/de\/isabella-von-freienstein\/#article","isPartOf":{"@id":"https:\/\/see-the-big-picture.com\/de\/isabella-von-freienstein\/"},"author":{"name":"seethebigpicture","@id":"https:\/\/see-the-big-picture.com\/de\/#\/schema\/person\/01d753152238afe1fb86aaae2d7b03d0"},"headline":"Isabella von Freienstein","datePublished":"2021-06-16T13:13:33+00:00","dateModified":"2021-06-18T06:20:30+00:00","mainEntityOfPage":{"@id":"https:\/\/see-the-big-picture.com\/de\/isabella-von-freienstein\/"},"wordCount":504,"publisher":{"@id":"https:\/\/see-the-big-picture.com\/de\/#organization"},"image":{"@id":"https:\/\/see-the-big-picture.com\/de\/isabella-von-freienstein\/#primaryimage"},"thumbnailUrl":"https:\/\/see-the-big-picture.com\/wp-content\/uploads\/see_the_big_picture_profile_isabella_von_freienstein.jpg","articleSection":["Community"],"inLanguage":"de"},{"@type":"WebPage","@id":"https:\/\/see-the-big-picture.com\/de\/isabella-von-freienstein\/","url":"https:\/\/see-the-big-picture.com\/de\/isabella-von-freienstein\/","name":"See the Big Picture - Community - Isabella von Freienstein","isPartOf":{"@id":"https:\/\/see-the-big-picture.com\/de\/#website"},"primaryImageOfPage":{"@id":"https:\/\/see-the-big-picture.com\/de\/isabella-von-freienstein\/#primaryimage"},"image":{"@id":"https:\/\/see-the-big-picture.com\/de\/isabella-von-freienstein\/#primaryimage"},"thumbnailUrl":"https:\/\/see-the-big-picture.com\/wp-content\/uploads\/see_the_big_picture_profile_isabella_von_freienstein.jpg","datePublished":"2021-06-16T13:13:33+00:00","dateModified":"2021-06-18T06:20:30+00:00","description":"Isabella von Freienstein ist eine \u00f6sterreichische K\u00fcnstlerin. Ihr Werk ist oft autobiografisch und besteht sowohl aus figurativen als auch abstrakten Elementen.","breadcrumb":{"@id":"https:\/\/see-the-big-picture.com\/de\/isabella-von-freienstein\/#breadcrumb"},"inLanguage":"de","potentialAction":[{"@type":"ReadAction","target":["https:\/\/see-the-big-picture.com\/de\/isabella-von-freienstein\/"]}]},{"@type":"ImageObject","inLanguage":"de","@id":"https:\/\/see-the-big-picture.com\/de\/isabella-von-freienstein\/#primaryimage","url":"https:\/\/see-the-big-picture.com\/wp-content\/uploads\/see_the_big_picture_profile_isabella_von_freienstein.jpg","contentUrl":"https:\/\/see-the-big-picture.com\/wp-content\/uploads\/see_the_big_picture_profile_isabella_von_freienstein.jpg","width":1366,"height":768},{"@type":"BreadcrumbList","@id":"https:\/\/see-the-big-picture.com\/de\/isabella-von-freienstein\/#breadcrumb","itemListElement":[{"@type":"ListItem","position":1,"name":"Home","item":"https:\/\/see-the-big-picture.com\/de\/home-2\/"},{"@type":"ListItem","position":2,"name":"Isabella von Freienstein"}]},{"@type":"WebSite","@id":"https:\/\/see-the-big-picture.com\/de\/#website","url":"https:\/\/see-the-big-picture.com\/de\/","name":"See the Big Picture","description":"","publisher":{"@id":"https:\/\/see-the-big-picture.com\/de\/#organization"},"potentialAction":[{"@type":"SearchAction","target":{"@type":"EntryPoint","urlTemplate":"https:\/\/see-the-big-picture.com\/de\/?s={search_term_string}"},"query-input":{"@type":"PropertyValueSpecification","valueRequired":true,"valueName":"search_term_string"}}],"inLanguage":"de"},{"@type":"Organization","@id":"https:\/\/see-the-big-picture.com\/de\/#organization","name":"See the Big Picture","url":"https:\/\/see-the-big-picture.com\/de\/","logo":{"@type":"ImageObject","inLanguage":"de","@id":"https:\/\/see-the-big-picture.com\/de\/#\/schema\/logo\/image\/","url":"https:\/\/i2.wp.com\/see-the-big-picture.com\/wp-content\/uploads\/2018\/06\/STBP_sym.png?fit=424%2C430&ssl=1","contentUrl":"https:\/\/i2.wp.com\/see-the-big-picture.com\/wp-content\/uploads\/2018\/06\/STBP_sym.png?fit=424%2C430&ssl=1","width":424,"height":430,"caption":"See the Big Picture"},"image":{"@id":"https:\/\/see-the-big-picture.com\/de\/#\/schema\/logo\/image\/"},"sameAs":["https:\/\/www.facebook.com\/jointhebigpicture\/","https:\/\/x.com\/jointhepicture","https:\/\/www.instagram.com\/jointhebigpicture\/"]},{"@type":"Person","@id":"https:\/\/see-the-big-picture.com\/de\/#\/schema\/person\/01d753152238afe1fb86aaae2d7b03d0","name":"seethebigpicture","image":{"@type":"ImageObject","inLanguage":"de","@id":"https:\/\/secure.gravatar.com\/avatar\/499d745577c1f8e4a4ca24019cc3fcec8b1fed12ab8714ab5be7fcddd947f792?s=96&d=mm&r=g","url":"https:\/\/secure.gravatar.com\/avatar\/499d745577c1f8e4a4ca24019cc3fcec8b1fed12ab8714ab5be7fcddd947f792?s=96&d=mm&r=g","contentUrl":"https:\/\/secure.gravatar.com\/avatar\/499d745577c1f8e4a4ca24019cc3fcec8b1fed12ab8714ab5be7fcddd947f792?s=96&d=mm&r=g","caption":"seethebigpicture"}}]}},"jetpack_featured_media_url":"https:\/\/see-the-big-picture.com\/wp-content\/uploads\/see_the_big_picture_profile_isabella_von_freienstein.jpg","jetpack_sharing_enabled":true,"_links":{"self":[{"href":"https:\/\/see-the-big-picture.com\/de\/wp-json\/wp\/v2\/posts\/6669","targetHints":{"allow":["GET"]}}],"collection":[{"href":"https:\/\/see-the-big-picture.com\/de\/wp-json\/wp\/v2\/posts"}],"about":[{"href":"https:\/\/see-the-big-picture.com\/de\/wp-json\/wp\/v2\/types\/post"}],"author":[{"embeddable":true,"href":"https:\/\/see-the-big-picture.com\/de\/wp-json\/wp\/v2\/users\/1"}],"replies":[{"embeddable":true,"href":"https:\/\/see-the-big-picture.com\/de\/wp-json\/wp\/v2\/comments?post=6669"}],"version-history":[{"count":6,"href":"https:\/\/see-the-big-picture.com\/de\/wp-json\/wp\/v2\/posts\/6669\/revisions"}],"predecessor-version":[{"id":9218,"href":"https:\/\/see-the-big-picture.com\/de\/wp-json\/wp\/v2\/posts\/6669\/revisions\/9218"}],"wp:featuredmedia":[{"embeddable":true,"href":"https:\/\/see-the-big-picture.com\/de\/wp-json\/wp\/v2\/media\/5597"}],"wp:attachment":[{"href":"https:\/\/see-the-big-picture.com\/de\/wp-json\/wp\/v2\/media?parent=6669"}],"wp:term":[{"taxonomy":"category","embeddable":true,"href":"https:\/\/see-the-big-picture.com\/de\/wp-json\/wp\/v2\/categories?post=6669"},{"taxonomy":"post_tag","embeddable":true,"href":"https:\/\/see-the-big-picture.com\/de\/wp-json\/wp\/v2\/tags?post=6669"}],"curies":[{"name":"wp","href":"https:\/\/api.w.org\/{rel}","templated":true}]}}