{"id":6564,"date":"2021-06-16T14:03:07","date_gmt":"2021-06-16T13:03:07","guid":{"rendered":"https:\/\/see-the-big-picture.com\/?p=6564"},"modified":"2021-06-18T07:24:14","modified_gmt":"2021-06-18T06:24:14","slug":"darija-gordic-milinkovic","status":"publish","type":"post","link":"https:\/\/see-the-big-picture.com\/de\/darija-gordic-milinkovic\/","title":{"rendered":"Darija Gordi\u0107 Milinkovi\u0107"},"content":{"rendered":"\t\t<div data-elementor-type=\"wp-post\" data-elementor-id=\"6564\" class=\"elementor elementor-6564 elementor-5353\">\n\t\t\t\t\t\t<section class=\"elementor-section elementor-top-section elementor-element elementor-element-3f8f45dd elementor-section-boxed elementor-section-height-default elementor-section-height-default\" data-id=\"3f8f45dd\" data-element_type=\"section\" data-e-type=\"section\">\n\t\t\t\t\t\t<div class=\"elementor-container elementor-column-gap-default\">\n\t\t\t\t\t<div class=\"elementor-column elementor-col-50 elementor-top-column elementor-element elementor-element-2b145cd2\" data-id=\"2b145cd2\" data-element_type=\"column\" data-e-type=\"column\" data-settings=\"{&quot;background_background&quot;:&quot;classic&quot;}\">\n\t\t\t<div class=\"elementor-widget-wrap elementor-element-populated\">\n\t\t\t\t\t<div class=\"elementor-background-overlay\"><\/div>\n\t\t\t\t\t\t<div class=\"elementor-element elementor-element-68a2439 elementor-widget elementor-widget-image\" data-id=\"68a2439\" data-element_type=\"widget\" data-e-type=\"widget\" data-widget_type=\"image.default\">\n\t\t\t\t<div class=\"elementor-widget-container\">\n\t\t\t\t\t\t\t\t\t\t\t\t\t\t\t\t<a href=\"https:\/\/see-the-big-picture.com\/wp-content\/uploads\/see_the_big_picture_darija_gordic_milinkovic_painting.jpg\" data-elementor-open-lightbox=\"yes\" data-elementor-lightbox-title=\"Der K\u00e4mpfer\" data-e-action-hash=\"#elementor-action%3Aaction%3Dlightbox%26settings%3DeyJpZCI6NjAwNiwidXJsIjoiaHR0cHM6XC9cL3NlZS10aGUtYmlnLXBpY3R1cmUuY29tXC93cC1jb250ZW50XC91cGxvYWRzXC9zZWVfdGhlX2JpZ19waWN0dXJlX2RhcmlqYV9nb3JkaWNfbWlsaW5rb3ZpY19wYWludGluZy5qcGcifQ%3D%3D\">\n\t\t\t\t\t\t\t<img fetchpriority=\"high\" decoding=\"async\" width=\"1050\" height=\"840\" src=\"https:\/\/see-the-big-picture.com\/wp-content\/uploads\/see_the_big_picture_darija_gordic_milinkovic_painting.jpg\" class=\"attachment-full size-full wp-image-6006\" alt=\"\" srcset=\"https:\/\/see-the-big-picture.com\/wp-content\/uploads\/see_the_big_picture_darija_gordic_milinkovic_painting.jpg 1050w, https:\/\/see-the-big-picture.com\/wp-content\/uploads\/see_the_big_picture_darija_gordic_milinkovic_painting-300x240.jpg 300w, https:\/\/see-the-big-picture.com\/wp-content\/uploads\/see_the_big_picture_darija_gordic_milinkovic_painting-1024x819.jpg 1024w, https:\/\/see-the-big-picture.com\/wp-content\/uploads\/see_the_big_picture_darija_gordic_milinkovic_painting-768x614.jpg 768w\" sizes=\"(max-width: 1050px) 100vw, 1050px\" \/>\t\t\t\t\t\t\t\t<\/a>\n\t\t\t\t\t\t\t\t\t\t\t\t\t\t\t<\/div>\n\t\t\t\t<\/div>\n\t\t\t\t\t<\/div>\n\t\t<\/div>\n\t\t\t\t<div class=\"elementor-column elementor-col-50 elementor-top-column elementor-element elementor-element-68925c93\" data-id=\"68925c93\" data-element_type=\"column\" data-e-type=\"column\" data-settings=\"{&quot;background_background&quot;:&quot;classic&quot;}\">\n\t\t\t<div class=\"elementor-widget-wrap elementor-element-populated\">\n\t\t\t\t\t\t<div class=\"elementor-element elementor-element-2f2a59ec elementor-position-top elementor-widget elementor-widget-image-box\" data-id=\"2f2a59ec\" data-element_type=\"widget\" data-e-type=\"widget\" data-widget_type=\"image-box.default\">\n\t\t\t\t<div class=\"elementor-widget-container\">\n\t\t\t\t\t<div class=\"elementor-image-box-wrapper\"><figure class=\"elementor-image-box-img\"><img decoding=\"async\" width=\"1366\" height=\"768\" src=\"https:\/\/see-the-big-picture.com\/wp-content\/uploads\/see_the_big_picture_profile_darija_gordic_milinkovic.jpg\" class=\"attachment-full size-full wp-image-5526\" alt=\"\" srcset=\"https:\/\/see-the-big-picture.com\/wp-content\/uploads\/see_the_big_picture_profile_darija_gordic_milinkovic.jpg 1366w, https:\/\/see-the-big-picture.com\/wp-content\/uploads\/see_the_big_picture_profile_darija_gordic_milinkovic-300x169.jpg 300w, https:\/\/see-the-big-picture.com\/wp-content\/uploads\/see_the_big_picture_profile_darija_gordic_milinkovic-1024x576.jpg 1024w, https:\/\/see-the-big-picture.com\/wp-content\/uploads\/see_the_big_picture_profile_darija_gordic_milinkovic-768x432.jpg 768w\" sizes=\"(max-width: 1366px) 100vw, 1366px\" \/><\/figure><div class=\"elementor-image-box-content\"><h3 class=\"elementor-image-box-title\">DARIJA GORDI\u0106 MILINKOVI\u0106<\/h3><p class=\"elementor-image-box-description\"><b>Land:<\/b> Slowenien<br><b>Titel:<\/b> Der K\u00e4mpfer<\/p><\/div><\/div>\t\t\t\t<\/div>\n\t\t\t\t<\/div>\n\t\t\t\t\t<\/div>\n\t\t<\/div>\n\t\t\t\t\t<\/div>\n\t\t<\/section>\n\t\t\t\t<section class=\"elementor-section elementor-top-section elementor-element elementor-element-27f0b5e9 elementor-section-boxed elementor-section-height-default elementor-section-height-default\" data-id=\"27f0b5e9\" data-element_type=\"section\" data-e-type=\"section\" data-settings=\"{&quot;background_background&quot;:&quot;classic&quot;}\">\n\t\t\t\t\t\t<div class=\"elementor-container elementor-column-gap-default\">\n\t\t\t\t\t<div class=\"elementor-column elementor-col-100 elementor-top-column elementor-element elementor-element-22edda1f\" data-id=\"22edda1f\" data-element_type=\"column\" data-e-type=\"column\" data-settings=\"{&quot;background_background&quot;:&quot;classic&quot;}\">\n\t\t\t<div class=\"elementor-widget-wrap elementor-element-populated\">\n\t\t\t\t\t\t<section class=\"elementor-section elementor-inner-section elementor-element elementor-element-1ee1611f elementor-section-boxed elementor-section-height-default elementor-section-height-default\" data-id=\"1ee1611f\" data-element_type=\"section\" data-e-type=\"section\">\n\t\t\t\t\t\t<div class=\"elementor-container elementor-column-gap-wide\">\n\t\t\t\t\t<div class=\"elementor-column elementor-col-100 elementor-inner-column elementor-element elementor-element-5fbb096a\" data-id=\"5fbb096a\" data-element_type=\"column\" data-e-type=\"column\">\n\t\t\t<div class=\"elementor-widget-wrap elementor-element-populated\">\n\t\t\t\t\t\t<div class=\"elementor-element elementor-element-653222e4 elementor-widget elementor-widget-text-editor\" data-id=\"653222e4\" data-element_type=\"widget\" data-e-type=\"widget\" data-widget_type=\"text-editor.default\">\n\t\t\t\t<div class=\"elementor-widget-container\">\n\t\t\t\t\t\t\t\t\t<p>Darija wurde am 13. November 1980 in Pancevo, Serbien, geboren. 1999 beendete sie das Kunstgymnasium in \u0160abac und machte 2001 ihren Abschluss an der Universit\u00e4t der K\u00fcnste in Belgrad.<\/p>\n<p>2009 schloss sie ihre akademische Ausbildung bei Prof. Slobodan Bijeljac an der Akademie der Bildenden K\u00fcnste, Fachbereich Malerei, in Banja Luka ab.<\/p>\n<p>Gegenw\u00e4rtig lebt und arbeitet sie in Slowenien und hat ihre Werke bei acht Einzelausstellungen und mehreren Gruppenausstellungen gezeigt. Au\u00dferdem begleitet sie als Organisatorin und Mentorin seit einigen Jahren Workshops.<\/p>\n<p>Animalismus und Figuration bilden innerhalb ihrer Arbeit ihr Interessengebiet.<\/p>\n\t\t\t\t\t\t\t\t<\/div>\n\t\t\t\t<\/div>\n\t\t\t\t\t<\/div>\n\t\t<\/div>\n\t\t\t\t\t<\/div>\n\t\t<\/section>\n\t\t\t\t\t<\/div>\n\t\t<\/div>\n\t\t\t\t\t<\/div>\n\t\t<\/section>\n\t\t\t\t<\/div>\n\t\t","protected":false},"excerpt":{"rendered":"<p>DARIJA GORDI\u0106 MILINKOVI\u0106 Land: Slowenien Titel: Der K\u00e4mpfer Darija wurde am 13. November 1980 in Pancevo, Serbien, geboren. 1999 beendete sie das Kunstgymnasium in \u0160abac und machte 2001 ihren Abschluss an der Universit\u00e4t der K\u00fcnste in Belgrad. 2009 schloss sie ihre akademische Ausbildung bei Prof. Slobodan Bijeljac an der Akademie der Bildenden K\u00fcnste, Fachbereich Malerei, [&hellip;]<\/p>\n","protected":false},"author":1,"featured_media":5526,"comment_status":"closed","ping_status":"closed","sticky":false,"template":"","format":"standard","meta":{"give_campaign_id":0,"_jetpack_memberships_contains_paid_content":false,"footnotes":""},"categories":[141],"tags":[],"class_list":["post-6564","post","type-post","status-publish","format-standard","has-post-thumbnail","hentry","category-community-de"],"yoast_head":"<!-- This site is optimized with the Yoast SEO plugin v27.5 - https:\/\/yoast.com\/product\/yoast-seo-wordpress\/ -->\n<title>See the Big Picture - Community - Darija Gordi\u0107 Milinkovi\u0107<\/title>\n<meta name=\"description\" content=\"Darija Gordi\u0107 Milinkovi\u0107 ist eine slowenische K\u00fcnstlerin und interessiert sich f\u00fcr Animalismus und Figuration. Ihr Beitrag f\u00fcr StBP spiegelt diese Neugierde wider.\" \/>\n<meta name=\"robots\" content=\"index, follow, max-snippet:-1, max-image-preview:large, max-video-preview:-1\" \/>\n<link rel=\"canonical\" href=\"https:\/\/see-the-big-picture.com\/de\/darija-gordic-milinkovic\/\" \/>\n<meta property=\"og:locale\" content=\"de_DE\" \/>\n<meta property=\"og:type\" content=\"article\" \/>\n<meta property=\"og:title\" content=\"See the Big Picture - Community - Darija Gordi\u0107 Milinkovi\u0107\" \/>\n<meta property=\"og:description\" content=\"Darija Gordi\u0107 Milinkovi\u0107 ist eine slowenische K\u00fcnstlerin und interessiert sich f\u00fcr Animalismus und Figuration. Ihr Beitrag f\u00fcr StBP spiegelt diese Neugierde wider.\" \/>\n<meta property=\"og:url\" content=\"https:\/\/see-the-big-picture.com\/de\/darija-gordic-milinkovic\/\" \/>\n<meta property=\"og:site_name\" content=\"See the Big Picture\" \/>\n<meta property=\"article:publisher\" content=\"https:\/\/www.facebook.com\/jointhebigpicture\/\" \/>\n<meta property=\"article:published_time\" content=\"2021-06-16T13:03:07+00:00\" \/>\n<meta property=\"article:modified_time\" content=\"2021-06-18T06:24:14+00:00\" \/>\n<meta property=\"og:image\" content=\"https:\/\/see-the-big-picture.com\/wp-content\/uploads\/see_the_big_picture_profile_darija_gordic_milinkovic.jpg\" \/>\n<meta name=\"author\" content=\"seethebigpicture\" \/>\n<meta name=\"twitter:card\" content=\"summary_large_image\" \/>\n<meta name=\"twitter:title\" content=\"See the Big Picture - Community - Darija Gordi\u0107 Milinkovi\u0107\" \/>\n<meta name=\"twitter:description\" content=\"Darija Gordi\u0107 Milinkovi\u0107 ist eine slowenische K\u00fcnstlerin und interessiert sich f\u00fcr Animalismus und Figuration. Ihr Beitrag f\u00fcr StBP spiegelt diese Neugierde wider.\" \/>\n<meta name=\"twitter:image\" content=\"https:\/\/see-the-big-picture.com\/wp-content\/uploads\/see_the_big_picture_profile_darija_gordic_milinkovic.jpg\" \/>\n<meta name=\"twitter:creator\" content=\"@jointhepicture\" \/>\n<meta name=\"twitter:site\" content=\"@jointhepicture\" \/>\n<meta name=\"twitter:label1\" content=\"Verfasst von\" \/>\n\t<meta name=\"twitter:data1\" content=\"seethebigpicture\" \/>\n\t<meta name=\"twitter:label2\" content=\"Gesch\u00e4tzte Lesezeit\" \/>\n\t<meta name=\"twitter:data2\" content=\"1\u00a0Minute\" \/>\n<script type=\"application\/ld+json\" class=\"yoast-schema-graph\">{\"@context\":\"https:\\\/\\\/schema.org\",\"@graph\":[{\"@type\":\"Article\",\"@id\":\"https:\\\/\\\/see-the-big-picture.com\\\/de\\\/darija-gordic-milinkovic\\\/#article\",\"isPartOf\":{\"@id\":\"https:\\\/\\\/see-the-big-picture.com\\\/de\\\/darija-gordic-milinkovic\\\/\"},\"author\":{\"name\":\"seethebigpicture\",\"@id\":\"https:\\\/\\\/see-the-big-picture.com\\\/de\\\/#\\\/schema\\\/person\\\/01d753152238afe1fb86aaae2d7b03d0\"},\"headline\":\"Darija Gordi\u0107 Milinkovi\u0107\",\"datePublished\":\"2021-06-16T13:03:07+00:00\",\"dateModified\":\"2021-06-18T06:24:14+00:00\",\"mainEntityOfPage\":{\"@id\":\"https:\\\/\\\/see-the-big-picture.com\\\/de\\\/darija-gordic-milinkovic\\\/\"},\"wordCount\":101,\"publisher\":{\"@id\":\"https:\\\/\\\/see-the-big-picture.com\\\/de\\\/#organization\"},\"image\":{\"@id\":\"https:\\\/\\\/see-the-big-picture.com\\\/de\\\/darija-gordic-milinkovic\\\/#primaryimage\"},\"thumbnailUrl\":\"https:\\\/\\\/see-the-big-picture.com\\\/wp-content\\\/uploads\\\/see_the_big_picture_profile_darija_gordic_milinkovic.jpg\",\"articleSection\":[\"Community\"],\"inLanguage\":\"de\"},{\"@type\":\"WebPage\",\"@id\":\"https:\\\/\\\/see-the-big-picture.com\\\/de\\\/darija-gordic-milinkovic\\\/\",\"url\":\"https:\\\/\\\/see-the-big-picture.com\\\/de\\\/darija-gordic-milinkovic\\\/\",\"name\":\"See the Big Picture - Community - Darija Gordi\u0107 Milinkovi\u0107\",\"isPartOf\":{\"@id\":\"https:\\\/\\\/see-the-big-picture.com\\\/de\\\/#website\"},\"primaryImageOfPage\":{\"@id\":\"https:\\\/\\\/see-the-big-picture.com\\\/de\\\/darija-gordic-milinkovic\\\/#primaryimage\"},\"image\":{\"@id\":\"https:\\\/\\\/see-the-big-picture.com\\\/de\\\/darija-gordic-milinkovic\\\/#primaryimage\"},\"thumbnailUrl\":\"https:\\\/\\\/see-the-big-picture.com\\\/wp-content\\\/uploads\\\/see_the_big_picture_profile_darija_gordic_milinkovic.jpg\",\"datePublished\":\"2021-06-16T13:03:07+00:00\",\"dateModified\":\"2021-06-18T06:24:14+00:00\",\"description\":\"Darija Gordi\u0107 Milinkovi\u0107 ist eine slowenische K\u00fcnstlerin und interessiert sich f\u00fcr Animalismus und Figuration. Ihr Beitrag f\u00fcr StBP spiegelt diese Neugierde wider.\",\"breadcrumb\":{\"@id\":\"https:\\\/\\\/see-the-big-picture.com\\\/de\\\/darija-gordic-milinkovic\\\/#breadcrumb\"},\"inLanguage\":\"de\",\"potentialAction\":[{\"@type\":\"ReadAction\",\"target\":[\"https:\\\/\\\/see-the-big-picture.com\\\/de\\\/darija-gordic-milinkovic\\\/\"]}]},{\"@type\":\"ImageObject\",\"inLanguage\":\"de\",\"@id\":\"https:\\\/\\\/see-the-big-picture.com\\\/de\\\/darija-gordic-milinkovic\\\/#primaryimage\",\"url\":\"https:\\\/\\\/see-the-big-picture.com\\\/wp-content\\\/uploads\\\/see_the_big_picture_profile_darija_gordic_milinkovic.jpg\",\"contentUrl\":\"https:\\\/\\\/see-the-big-picture.com\\\/wp-content\\\/uploads\\\/see_the_big_picture_profile_darija_gordic_milinkovic.jpg\",\"width\":1366,\"height\":768},{\"@type\":\"BreadcrumbList\",\"@id\":\"https:\\\/\\\/see-the-big-picture.com\\\/de\\\/darija-gordic-milinkovic\\\/#breadcrumb\",\"itemListElement\":[{\"@type\":\"ListItem\",\"position\":1,\"name\":\"Home\",\"item\":\"https:\\\/\\\/see-the-big-picture.com\\\/de\\\/home-2\\\/\"},{\"@type\":\"ListItem\",\"position\":2,\"name\":\"Darija Gordi\u0107 Milinkovi\u0107\"}]},{\"@type\":\"WebSite\",\"@id\":\"https:\\\/\\\/see-the-big-picture.com\\\/de\\\/#website\",\"url\":\"https:\\\/\\\/see-the-big-picture.com\\\/de\\\/\",\"name\":\"See the Big Picture\",\"description\":\"\",\"publisher\":{\"@id\":\"https:\\\/\\\/see-the-big-picture.com\\\/de\\\/#organization\"},\"potentialAction\":[{\"@type\":\"SearchAction\",\"target\":{\"@type\":\"EntryPoint\",\"urlTemplate\":\"https:\\\/\\\/see-the-big-picture.com\\\/de\\\/?s={search_term_string}\"},\"query-input\":{\"@type\":\"PropertyValueSpecification\",\"valueRequired\":true,\"valueName\":\"search_term_string\"}}],\"inLanguage\":\"de\"},{\"@type\":\"Organization\",\"@id\":\"https:\\\/\\\/see-the-big-picture.com\\\/de\\\/#organization\",\"name\":\"See the Big Picture\",\"url\":\"https:\\\/\\\/see-the-big-picture.com\\\/de\\\/\",\"logo\":{\"@type\":\"ImageObject\",\"inLanguage\":\"de\",\"@id\":\"https:\\\/\\\/see-the-big-picture.com\\\/de\\\/#\\\/schema\\\/logo\\\/image\\\/\",\"url\":\"https:\\\/\\\/i2.wp.com\\\/see-the-big-picture.com\\\/wp-content\\\/uploads\\\/2018\\\/06\\\/STBP_sym.png?fit=424%2C430&ssl=1\",\"contentUrl\":\"https:\\\/\\\/i2.wp.com\\\/see-the-big-picture.com\\\/wp-content\\\/uploads\\\/2018\\\/06\\\/STBP_sym.png?fit=424%2C430&ssl=1\",\"width\":424,\"height\":430,\"caption\":\"See the Big Picture\"},\"image\":{\"@id\":\"https:\\\/\\\/see-the-big-picture.com\\\/de\\\/#\\\/schema\\\/logo\\\/image\\\/\"},\"sameAs\":[\"https:\\\/\\\/www.facebook.com\\\/jointhebigpicture\\\/\",\"https:\\\/\\\/x.com\\\/jointhepicture\",\"https:\\\/\\\/www.instagram.com\\\/jointhebigpicture\\\/\"]},{\"@type\":\"Person\",\"@id\":\"https:\\\/\\\/see-the-big-picture.com\\\/de\\\/#\\\/schema\\\/person\\\/01d753152238afe1fb86aaae2d7b03d0\",\"name\":\"seethebigpicture\",\"image\":{\"@type\":\"ImageObject\",\"inLanguage\":\"de\",\"@id\":\"https:\\\/\\\/secure.gravatar.com\\\/avatar\\\/499d745577c1f8e4a4ca24019cc3fcec8b1fed12ab8714ab5be7fcddd947f792?s=96&d=mm&r=g\",\"url\":\"https:\\\/\\\/secure.gravatar.com\\\/avatar\\\/499d745577c1f8e4a4ca24019cc3fcec8b1fed12ab8714ab5be7fcddd947f792?s=96&d=mm&r=g\",\"contentUrl\":\"https:\\\/\\\/secure.gravatar.com\\\/avatar\\\/499d745577c1f8e4a4ca24019cc3fcec8b1fed12ab8714ab5be7fcddd947f792?s=96&d=mm&r=g\",\"caption\":\"seethebigpicture\"}}]}<\/script>\n<!-- \/ Yoast SEO plugin. -->","yoast_head_json":{"title":"See the Big Picture - Community - Darija Gordi\u0107 Milinkovi\u0107","description":"Darija Gordi\u0107 Milinkovi\u0107 ist eine slowenische K\u00fcnstlerin und interessiert sich f\u00fcr Animalismus und Figuration. Ihr Beitrag f\u00fcr StBP spiegelt diese Neugierde wider.","robots":{"index":"index","follow":"follow","max-snippet":"max-snippet:-1","max-image-preview":"max-image-preview:large","max-video-preview":"max-video-preview:-1"},"canonical":"https:\/\/see-the-big-picture.com\/de\/darija-gordic-milinkovic\/","og_locale":"de_DE","og_type":"article","og_title":"See the Big Picture - Community - Darija Gordi\u0107 Milinkovi\u0107","og_description":"Darija Gordi\u0107 Milinkovi\u0107 ist eine slowenische K\u00fcnstlerin und interessiert sich f\u00fcr Animalismus und Figuration. Ihr Beitrag f\u00fcr StBP spiegelt diese Neugierde wider.","og_url":"https:\/\/see-the-big-picture.com\/de\/darija-gordic-milinkovic\/","og_site_name":"See the Big Picture","article_publisher":"https:\/\/www.facebook.com\/jointhebigpicture\/","article_published_time":"2021-06-16T13:03:07+00:00","article_modified_time":"2021-06-18T06:24:14+00:00","og_image":[{"url":"https:\/\/see-the-big-picture.com\/wp-content\/uploads\/see_the_big_picture_profile_darija_gordic_milinkovic.jpg","type":"","width":"","height":""}],"author":"seethebigpicture","twitter_card":"summary_large_image","twitter_title":"See the Big Picture - Community - Darija Gordi\u0107 Milinkovi\u0107","twitter_description":"Darija Gordi\u0107 Milinkovi\u0107 ist eine slowenische K\u00fcnstlerin und interessiert sich f\u00fcr Animalismus und Figuration. Ihr Beitrag f\u00fcr StBP spiegelt diese Neugierde wider.","twitter_image":"https:\/\/see-the-big-picture.com\/wp-content\/uploads\/see_the_big_picture_profile_darija_gordic_milinkovic.jpg","twitter_creator":"@jointhepicture","twitter_site":"@jointhepicture","twitter_misc":{"Verfasst von":"seethebigpicture","Gesch\u00e4tzte Lesezeit":"1\u00a0Minute"},"schema":{"@context":"https:\/\/schema.org","@graph":[{"@type":"Article","@id":"https:\/\/see-the-big-picture.com\/de\/darija-gordic-milinkovic\/#article","isPartOf":{"@id":"https:\/\/see-the-big-picture.com\/de\/darija-gordic-milinkovic\/"},"author":{"name":"seethebigpicture","@id":"https:\/\/see-the-big-picture.com\/de\/#\/schema\/person\/01d753152238afe1fb86aaae2d7b03d0"},"headline":"Darija Gordi\u0107 Milinkovi\u0107","datePublished":"2021-06-16T13:03:07+00:00","dateModified":"2021-06-18T06:24:14+00:00","mainEntityOfPage":{"@id":"https:\/\/see-the-big-picture.com\/de\/darija-gordic-milinkovic\/"},"wordCount":101,"publisher":{"@id":"https:\/\/see-the-big-picture.com\/de\/#organization"},"image":{"@id":"https:\/\/see-the-big-picture.com\/de\/darija-gordic-milinkovic\/#primaryimage"},"thumbnailUrl":"https:\/\/see-the-big-picture.com\/wp-content\/uploads\/see_the_big_picture_profile_darija_gordic_milinkovic.jpg","articleSection":["Community"],"inLanguage":"de"},{"@type":"WebPage","@id":"https:\/\/see-the-big-picture.com\/de\/darija-gordic-milinkovic\/","url":"https:\/\/see-the-big-picture.com\/de\/darija-gordic-milinkovic\/","name":"See the Big Picture - Community - Darija Gordi\u0107 Milinkovi\u0107","isPartOf":{"@id":"https:\/\/see-the-big-picture.com\/de\/#website"},"primaryImageOfPage":{"@id":"https:\/\/see-the-big-picture.com\/de\/darija-gordic-milinkovic\/#primaryimage"},"image":{"@id":"https:\/\/see-the-big-picture.com\/de\/darija-gordic-milinkovic\/#primaryimage"},"thumbnailUrl":"https:\/\/see-the-big-picture.com\/wp-content\/uploads\/see_the_big_picture_profile_darija_gordic_milinkovic.jpg","datePublished":"2021-06-16T13:03:07+00:00","dateModified":"2021-06-18T06:24:14+00:00","description":"Darija Gordi\u0107 Milinkovi\u0107 ist eine slowenische K\u00fcnstlerin und interessiert sich f\u00fcr Animalismus und Figuration. Ihr Beitrag f\u00fcr StBP spiegelt diese Neugierde wider.","breadcrumb":{"@id":"https:\/\/see-the-big-picture.com\/de\/darija-gordic-milinkovic\/#breadcrumb"},"inLanguage":"de","potentialAction":[{"@type":"ReadAction","target":["https:\/\/see-the-big-picture.com\/de\/darija-gordic-milinkovic\/"]}]},{"@type":"ImageObject","inLanguage":"de","@id":"https:\/\/see-the-big-picture.com\/de\/darija-gordic-milinkovic\/#primaryimage","url":"https:\/\/see-the-big-picture.com\/wp-content\/uploads\/see_the_big_picture_profile_darija_gordic_milinkovic.jpg","contentUrl":"https:\/\/see-the-big-picture.com\/wp-content\/uploads\/see_the_big_picture_profile_darija_gordic_milinkovic.jpg","width":1366,"height":768},{"@type":"BreadcrumbList","@id":"https:\/\/see-the-big-picture.com\/de\/darija-gordic-milinkovic\/#breadcrumb","itemListElement":[{"@type":"ListItem","position":1,"name":"Home","item":"https:\/\/see-the-big-picture.com\/de\/home-2\/"},{"@type":"ListItem","position":2,"name":"Darija Gordi\u0107 Milinkovi\u0107"}]},{"@type":"WebSite","@id":"https:\/\/see-the-big-picture.com\/de\/#website","url":"https:\/\/see-the-big-picture.com\/de\/","name":"See the Big Picture","description":"","publisher":{"@id":"https:\/\/see-the-big-picture.com\/de\/#organization"},"potentialAction":[{"@type":"SearchAction","target":{"@type":"EntryPoint","urlTemplate":"https:\/\/see-the-big-picture.com\/de\/?s={search_term_string}"},"query-input":{"@type":"PropertyValueSpecification","valueRequired":true,"valueName":"search_term_string"}}],"inLanguage":"de"},{"@type":"Organization","@id":"https:\/\/see-the-big-picture.com\/de\/#organization","name":"See the Big Picture","url":"https:\/\/see-the-big-picture.com\/de\/","logo":{"@type":"ImageObject","inLanguage":"de","@id":"https:\/\/see-the-big-picture.com\/de\/#\/schema\/logo\/image\/","url":"https:\/\/i2.wp.com\/see-the-big-picture.com\/wp-content\/uploads\/2018\/06\/STBP_sym.png?fit=424%2C430&ssl=1","contentUrl":"https:\/\/i2.wp.com\/see-the-big-picture.com\/wp-content\/uploads\/2018\/06\/STBP_sym.png?fit=424%2C430&ssl=1","width":424,"height":430,"caption":"See the Big Picture"},"image":{"@id":"https:\/\/see-the-big-picture.com\/de\/#\/schema\/logo\/image\/"},"sameAs":["https:\/\/www.facebook.com\/jointhebigpicture\/","https:\/\/x.com\/jointhepicture","https:\/\/www.instagram.com\/jointhebigpicture\/"]},{"@type":"Person","@id":"https:\/\/see-the-big-picture.com\/de\/#\/schema\/person\/01d753152238afe1fb86aaae2d7b03d0","name":"seethebigpicture","image":{"@type":"ImageObject","inLanguage":"de","@id":"https:\/\/secure.gravatar.com\/avatar\/499d745577c1f8e4a4ca24019cc3fcec8b1fed12ab8714ab5be7fcddd947f792?s=96&d=mm&r=g","url":"https:\/\/secure.gravatar.com\/avatar\/499d745577c1f8e4a4ca24019cc3fcec8b1fed12ab8714ab5be7fcddd947f792?s=96&d=mm&r=g","contentUrl":"https:\/\/secure.gravatar.com\/avatar\/499d745577c1f8e4a4ca24019cc3fcec8b1fed12ab8714ab5be7fcddd947f792?s=96&d=mm&r=g","caption":"seethebigpicture"}}]}},"jetpack_featured_media_url":"https:\/\/see-the-big-picture.com\/wp-content\/uploads\/see_the_big_picture_profile_darija_gordic_milinkovic.jpg","jetpack_sharing_enabled":true,"_links":{"self":[{"href":"https:\/\/see-the-big-picture.com\/de\/wp-json\/wp\/v2\/posts\/6564","targetHints":{"allow":["GET"]}}],"collection":[{"href":"https:\/\/see-the-big-picture.com\/de\/wp-json\/wp\/v2\/posts"}],"about":[{"href":"https:\/\/see-the-big-picture.com\/de\/wp-json\/wp\/v2\/types\/post"}],"author":[{"embeddable":true,"href":"https:\/\/see-the-big-picture.com\/de\/wp-json\/wp\/v2\/users\/1"}],"replies":[{"embeddable":true,"href":"https:\/\/see-the-big-picture.com\/de\/wp-json\/wp\/v2\/comments?post=6564"}],"version-history":[{"count":6,"href":"https:\/\/see-the-big-picture.com\/de\/wp-json\/wp\/v2\/posts\/6564\/revisions"}],"predecessor-version":[{"id":9230,"href":"https:\/\/see-the-big-picture.com\/de\/wp-json\/wp\/v2\/posts\/6564\/revisions\/9230"}],"wp:featuredmedia":[{"embeddable":true,"href":"https:\/\/see-the-big-picture.com\/de\/wp-json\/wp\/v2\/media\/5526"}],"wp:attachment":[{"href":"https:\/\/see-the-big-picture.com\/de\/wp-json\/wp\/v2\/media?parent=6564"}],"wp:term":[{"taxonomy":"category","embeddable":true,"href":"https:\/\/see-the-big-picture.com\/de\/wp-json\/wp\/v2\/categories?post=6564"},{"taxonomy":"post_tag","embeddable":true,"href":"https:\/\/see-the-big-picture.com\/de\/wp-json\/wp\/v2\/tags?post=6564"}],"curies":[{"name":"wp","href":"https:\/\/api.w.org\/{rel}","templated":true}]}}